{"id":15166,"date":"2024-12-02T22:27:58","date_gmt":"2024-12-02T19:27:58","guid":{"rendered":"https:\/\/stileuropa.com\/?p=15166"},"modified":"2024-12-02T22:29:57","modified_gmt":"2024-12-02T19:29:57","slug":"kanepe-secimi-icin-en-iyi-ipuclari-oturma-odasi-dekorunuz-icin-modern-kanepeler","status":"publish","type":"post","link":"https:\/\/stileuropa.com\/tr\/kanepe-secimi-icin-en-iyi-ipuclari-oturma-odasi-dekorunuz-icin-modern-kanepeler\/","title":{"rendered":"Kanepe Se\u00e7imi \u0130\u00e7in En \u0130yi \u0130pu\u00e7lar\u0131: Oturma Odas\u0131 Dekorunuz \u0130\u00e7in Modern Kanepeler"},"content":{"rendered":"\t\t<div data-elementor-type=\"wp-post\" data-elementor-id=\"15166\" class=\"elementor elementor-15166\" data-elementor-post-type=\"post\">\n\t\t\t\t<div class=\"elementor-element elementor-element-30bf083 e-flex e-con-boxed e-con e-parent\" data-id=\"30bf083\" data-element_type=\"container\">\n\t\t\t\t\t<div class=\"e-con-inner\">\n\t\t\t\t<div class=\"elementor-element elementor-element-87883fe elementor-widget elementor-widget-heading\" data-id=\"87883fe\" data-element_type=\"widget\" data-widget_type=\"heading.default\">\n\t\t\t\t<div class=\"elementor-widget-container\">\n\t\t\t\t\t<h2 class=\"elementor-heading-title elementor-size-default\">Kanepe Se\u00e7imi \u0130\u00e7in En \u0130yi \u0130pu\u00e7lar\u0131: Oturma Odas\u0131 Dekorunuz \u0130\u00e7in Modern Kanepeler<\/h2>\t\t\t\t<\/div>\n\t\t\t\t<\/div>\n\t\t\t\t\t<\/div>\n\t\t\t\t<\/div>\n\t\t<div class=\"elementor-element elementor-element-ab1182e e-flex e-con-boxed e-con e-parent\" data-id=\"ab1182e\" data-element_type=\"container\">\n\t\t\t\t\t<div class=\"e-con-inner\">\n\t\t\t\t<div class=\"elementor-element elementor-element-8c9544f elementor-toc--minimized-on-tablet elementor-widget elementor-widget-table-of-contents\" data-id=\"8c9544f\" data-element_type=\"widget\" data-settings=\"{&quot;exclude_headings_by_selector&quot;:[],&quot;no_headings_message&quot;:&quot;No headings were found on this page.&quot;,&quot;headings_by_tags&quot;:[&quot;h2&quot;,&quot;h3&quot;,&quot;h4&quot;,&quot;h5&quot;,&quot;h6&quot;],&quot;marker_view&quot;:&quot;numbers&quot;,&quot;minimize_box&quot;:&quot;yes&quot;,&quot;minimized_on&quot;:&quot;tablet&quot;,&quot;hierarchical_view&quot;:&quot;yes&quot;,&quot;min_height&quot;:{&quot;unit&quot;:&quot;px&quot;,&quot;size&quot;:&quot;&quot;,&quot;sizes&quot;:[]},&quot;min_height_tablet&quot;:{&quot;unit&quot;:&quot;px&quot;,&quot;size&quot;:&quot;&quot;,&quot;sizes&quot;:[]},&quot;min_height_mobile&quot;:{&quot;unit&quot;:&quot;px&quot;,&quot;size&quot;:&quot;&quot;,&quot;sizes&quot;:[]}}\" data-widget_type=\"table-of-contents.default\">\n\t\t\t\t<div class=\"elementor-widget-container\">\n\t\t\t\t\t\t\t<div class=\"elementor-toc__header\">\n\t\t\t<h4 class=\"elementor-toc__header-title\">\n\t\t\t\t\u0130\u00e7indekiler\t\t\t<\/h4>\n\t\t\t\t\t\t\t<div class=\"elementor-toc__toggle-button elementor-toc__toggle-button--expand\" role=\"button\" tabindex=\"0\" aria-controls=\"elementor-toc__8c9544f\" aria-expanded=\"true\" aria-label=\"Open table of contents\"><svg aria-hidden=\"true\" class=\"e-font-icon-svg e-fas-chevron-down\" viewBox=\"0 0 448 512\" xmlns=\"http:\/\/www.w3.org\/2000\/svg\"><path d=\"M207.029 381.476L12.686 187.132c-9.373-9.373-9.373-24.569 0-33.941l22.667-22.667c9.357-9.357 24.522-9.375 33.901-.04L224 284.505l154.745-154.021c9.379-9.335 24.544-9.317 33.901.04l22.667 22.667c9.373 9.373 9.373 24.569 0 33.941L240.971 381.476c-9.373 9.372-24.569 9.372-33.942 0z\"><\/path><\/svg><\/div>\n\t\t\t\t<div class=\"elementor-toc__toggle-button elementor-toc__toggle-button--collapse\" role=\"button\" tabindex=\"0\" aria-controls=\"elementor-toc__8c9544f\" aria-expanded=\"true\" aria-label=\"Close table of contents\"><svg aria-hidden=\"true\" class=\"e-font-icon-svg e-fas-chevron-up\" viewBox=\"0 0 448 512\" xmlns=\"http:\/\/www.w3.org\/2000\/svg\"><path d=\"M240.971 130.524l194.343 194.343c9.373 9.373 9.373 24.569 0 33.941l-22.667 22.667c-9.357 9.357-24.522 9.375-33.901.04L224 227.495 69.255 381.516c-9.379 9.335-24.544 9.317-33.901-.04l-22.667-22.667c-9.373-9.373-9.373-24.569 0-33.941L207.03 130.525c9.372-9.373 24.568-9.373 33.941-.001z\"><\/path><\/svg><\/div>\n\t\t\t\t\t<\/div>\n\t\t<div id=\"elementor-toc__8c9544f\" class=\"elementor-toc__body\">\n\t\t\t<div class=\"elementor-toc__spinner-container\">\n\t\t\t\t<svg class=\"elementor-toc__spinner eicon-animation-spin e-font-icon-svg e-eicon-loading\" aria-hidden=\"true\" viewBox=\"0 0 1000 1000\" xmlns=\"http:\/\/www.w3.org\/2000\/svg\"><path d=\"M500 975V858C696 858 858 696 858 500S696 142 500 142 142 304 142 500H25C25 237 238 25 500 25S975 237 975 500 763 975 500 975Z\"><\/path><\/svg>\t\t\t<\/div>\n\t\t<\/div>\n\t\t\t\t\t\t<\/div>\n\t\t\t\t<\/div>\n\t\t\t\t\t<\/div>\n\t\t\t\t<\/div>\n\t\t<div class=\"elementor-element elementor-element-010d388 e-flex e-con-boxed e-con e-parent\" data-id=\"010d388\" data-element_type=\"container\">\n\t\t\t\t\t<div class=\"e-con-inner\">\n\t\t\t\t<div class=\"elementor-element elementor-element-2a66bdc elementor-widget elementor-widget-text-editor\" data-id=\"2a66bdc\" data-element_type=\"widget\" data-widget_type=\"text-editor.default\">\n\t\t\t\t<div class=\"elementor-widget-container\">\n\t\t\t\t\t\t\t\t\t<h2 data-pm-slice=\"1 1 []\"><span style=\"vertical-align: inherit;\"><span style=\"vertical-align: inherit;\">Modern Kanepe Se\u00e7imine Giri\u015f<\/span><\/span><\/h2><p><span style=\"vertical-align: inherit;\"><span style=\"vertical-align: inherit;\">Do\u011fru <\/span><\/span><a class=\"link\" href=\"https:\/\/stileuropa.com\/product-category\/living-room\/sofa-couch\/\" target=\"_blank\" rel=\"noopener noreferrer nofollow\"><span style=\"vertical-align: inherit;\"><span style=\"vertical-align: inherit;\">kanepe kanepeyi<\/span><\/span><\/a><span style=\"vertical-align: inherit;\"><span style=\"vertical-align: inherit;\"> se\u00e7mek oturma odan\u0131z\u0131 \u00f6nemli \u00f6l\u00e7\u00fcde de\u011fi\u015ftirebilir. Modern kanepeler yaln\u0131zca stil ile ilgili de\u011fildir; ayn\u0131 zamanda konfor ve \u00e7ok y\u00f6nl\u00fcl\u00fck sunarak ev dekorunuzun merkezi haline gelir. Trendler geli\u015ftik\u00e7e, \u015f\u0131k ve tarz sahibi bir ev i\u00e7in 2024&#8217;teki en son kanepe tasar\u0131m trendleriyle g\u00fcncel kalmak \u00e7ok \u00f6nemlidir.<\/span><\/span><\/p><h3><span style=\"vertical-align: inherit;\"><span style=\"vertical-align: inherit;\">\u015e\u0131k Bir Oturma Odas\u0131 \u0130\u00e7in Temel Unsurlar<\/span><\/span><\/h3><p><span style=\"vertical-align: inherit;\"><span style=\"vertical-align: inherit;\">Bir kanepe tak\u0131m\u0131 se\u00e7erken ya\u015fam alan\u0131n\u0131zla uyumlu olmas\u0131n\u0131 sa\u011flamak i\u00e7in a\u015fa\u011f\u0131daki temel unsurlar\u0131 g\u00f6z \u00f6n\u00fcnde bulundurun:<\/span><\/span><\/p><ul><li><p><strong><span style=\"vertical-align: inherit;\"><span style=\"vertical-align: inherit;\">Konfor ve \u0130\u015flevsellik:<\/span><\/span><\/strong><span style=\"vertical-align: inherit;\"><span style=\"vertical-align: inherit;\"> M\u00fckemmel bir kanepe tak\u0131m\u0131, i\u015flevselli\u011fi korurken en \u00fcst d\u00fczeyde konfor sa\u011flamal\u0131d\u0131r. Ayarlanabilir ba\u015f dayanaklar\u0131, uzanma koltuklar\u0131 veya b\u00f6lmeli eklentiler sunan tasar\u0131mlar\u0131 g\u00f6z \u00f6n\u00fcnde bulundurun.<\/span><\/span><\/p><\/li><li><p><strong><span style=\"vertical-align: inherit;\"><span style=\"vertical-align: inherit;\">Malzeme ve Dayan\u0131kl\u0131l\u0131k:<\/span><\/span><\/strong><span style=\"vertical-align: inherit;\"><span style=\"vertical-align: inherit;\"> Hem dayan\u0131kl\u0131 hem de bak\u0131m\u0131 kolay olan y\u00fcksek kaliteli malzemelere yat\u0131r\u0131m yapmak \u00f6nemlidir. Deri, mikrofiber ve performans kuma\u015flar\u0131 \u015fiddetle tavsiye edilir.<\/span><\/span><\/p><\/li><li><p><strong><span style=\"vertical-align: inherit;\"><span style=\"vertical-align: inherit;\">Boyut ve Oran:<\/span><\/span><\/strong><span style=\"vertical-align: inherit;\"><span style=\"vertical-align: inherit;\"> K\u00f6\u015fe kanepenin veya herhangi bir kanepe koltu\u011funun boyutunu oturma odan\u0131z\u0131n boyutlar\u0131na uydurun. A\u015f\u0131r\u0131 b\u00fcy\u00fck kanepeler daha k\u00fc\u00e7\u00fck alanlar\u0131 bo\u011fabilirken, yetersiz olanlar daha b\u00fcy\u00fck odalarda kaybolabilir.<\/span><\/span><\/p><\/li><li><p><strong><span style=\"vertical-align: inherit;\"><span style=\"vertical-align: inherit;\">Stil ve Estetik:<\/span><\/span><\/strong><span style=\"vertical-align: inherit;\"><span style=\"vertical-align: inherit;\"> 2024 kanepe tasar\u0131m trendlerine uygun olarak, ev dekorunuzu geli\u015ftirebilecek temiz \u00e7izgilere, cesur renklere veya tek renkli temalara sahip l\u00fcks kanepeleri tercih edin.<\/span><\/span><\/p><\/li><\/ul><h3><span style=\"vertical-align: inherit;\"><span style=\"vertical-align: inherit;\">Mobilya Stillerini Kar\u0131\u015ft\u0131rmak<\/span><\/span><\/h3><p><span style=\"vertical-align: inherit;\"><span style=\"vertical-align: inherit;\">Mobilya stillerini ba\u015far\u0131l\u0131 bir \u015fekilde kar\u0131\u015ft\u0131rmak, eklektik ancak uyumlu bir ya\u015fam ortam\u0131 yaratabilir. \u0130\u015fte nas\u0131l:<\/span><\/span><\/p><ol><li><p><strong><span style=\"vertical-align: inherit;\"><span style=\"vertical-align: inherit;\">Bask\u0131n Bir Stil Belirleyin:<\/span><\/span><\/strong><span style=\"vertical-align: inherit;\"><span style=\"vertical-align: inherit;\"> Oturma odan\u0131z i\u00e7in birincil bir tasar\u0131m stili se\u00e7in. Bu modern, geleneksel veya end\u00fcstriyel olabilir.<\/span><\/span><\/p><\/li><li><p><strong><span style=\"vertical-align: inherit;\"><span style=\"vertical-align: inherit;\">Tamamlay\u0131c\u0131 Par\u00e7alar\u0131 Dahil Edin:<\/span><\/span><\/strong><span style=\"vertical-align: inherit;\"><span style=\"vertical-align: inherit;\"> Di\u011fer stillerden \u00f6\u011feleri gizlice ekleyin. Modern bir kanepe kanepe, eski bir sehpa veya rustik kitapl\u0131klarla e\u015fle\u015ftirilebilir.<\/span><\/span><\/p><\/li><li><p><strong><span style=\"vertical-align: inherit;\"><span style=\"vertical-align: inherit;\">Tutarl\u0131 Bir Renk \u015eemas\u0131 Koruyun:<\/span><\/span><\/strong><span style=\"vertical-align: inherit;\"><span style=\"vertical-align: inherit;\"> Farkl\u0131 mobilya par\u00e7alar\u0131ndaki renklerin birbiriyle iyi bir \u015fekilde harmanland\u0131\u011f\u0131ndan emin olun. Tutarl\u0131 bir palet, dengeli bir g\u00f6r\u00fcn\u00fcm elde etmeye yard\u0131mc\u0131 olur.<\/span><\/span><\/p><\/li><\/ol><h3><span style=\"vertical-align: inherit;\"><span style=\"vertical-align: inherit;\">\u0130zlenecek Trendler<\/span><\/span><\/h3><p><span style=\"vertical-align: inherit;\"><span style=\"vertical-align: inherit;\">Devam eden ve yakla\u015fan 2024 kanepe tasar\u0131m trendlerinin fark\u0131nda olmak, bilin\u00e7li kararlar alman\u0131za yard\u0131mc\u0131 olabilir:<\/span><\/span><\/p><ul><li><p><strong><span style=\"vertical-align: inherit;\"><span style=\"vertical-align: inherit;\">Cesur Renkler ve Desenler:<\/span><\/span><\/strong><span style=\"vertical-align: inherit;\"><span style=\"vertical-align: inherit;\"> Canl\u0131 tonlar ve benzersiz desenler geri d\u00f6n\u00fcyor ve oturma odalar\u0131na canl\u0131l\u0131k kat\u0131yor.<\/span><\/span><\/p><\/li><li><p><strong><span style=\"vertical-align: inherit;\"><span style=\"vertical-align: inherit;\">S\u00fcrd\u00fcr\u00fclebilir Malzemeler:<\/span><\/span><\/strong><span style=\"vertical-align: inherit;\"><span style=\"vertical-align: inherit;\"> Bambu, geri d\u00f6n\u00fc\u015ft\u00fcr\u00fclm\u00fc\u015f kuma\u015flar ve do\u011fal lifler gibi \u00e7evre dostu malzemeler giderek daha fazla tercih ediliyor.<\/span><\/span><\/p><\/li><li><p><strong><span style=\"vertical-align: inherit;\"><span style=\"vertical-align: inherit;\">Mod\u00fcler Tasar\u0131mlar:<\/span><\/span><\/strong><span style=\"vertical-align: inherit;\"><span style=\"vertical-align: inherit;\"> Bunlar esneklik sunarak ev sahiplerinin kanepelerini ihtiya\u00e7lar\u0131na g\u00f6re yeniden yap\u0131land\u0131rmalar\u0131na olanak tan\u0131r.<\/span><\/span><\/p><\/li><\/ul><figure id=\"attachment_15134\" aria-describedby=\"caption-attachment-15134\" style=\"width: 1024px\" class=\"wp-caption aligncenter\"><img fetchpriority=\"high\" decoding=\"async\" class=\"wp-image-15134 size-full\" src=\"https:\/\/stileuropa.com\/wp-content\/uploads\/2024\/12\/4d694d1f-3b12-4888-ae55-b02151e8164b.png\" alt=\"Rahatlat\u0131c\u0131 ipu\u00e7lar\u0131\" width=\"1024\" height=\"576\" srcset=\"https:\/\/stileuropa.com\/wp-content\/uploads\/2024\/12\/4d694d1f-3b12-4888-ae55-b02151e8164b.png 1024w, https:\/\/stileuropa.com\/wp-content\/uploads\/2024\/12\/4d694d1f-3b12-4888-ae55-b02151e8164b-300x169.png 300w, https:\/\/stileuropa.com\/wp-content\/uploads\/2024\/12\/4d694d1f-3b12-4888-ae55-b02151e8164b-768x432.png 768w, https:\/\/stileuropa.com\/wp-content\/uploads\/2024\/12\/4d694d1f-3b12-4888-ae55-b02151e8164b-600x338.png 600w\" sizes=\"(max-width: 1024px) 100vw, 1024px\" \/><figcaption id=\"caption-attachment-15134\" class=\"wp-caption-text\"><span style=\"vertical-align: inherit;\"><span style=\"vertical-align: inherit;\">Rahatlat\u0131c\u0131 ipu\u00e7lar\u0131<\/span><\/span><\/figcaption><\/figure><h3><span style=\"vertical-align: inherit;\"><span style=\"vertical-align: inherit;\">Trendler ve \u0130pu\u00e7lar\u0131 \u0130\u00e7in Mutlaka Ziyaret Edilmesi Gereken Bloglar<\/span><\/span><\/h3><p><span style=\"vertical-align: inherit;\"><span style=\"vertical-align: inherit;\">\u015e\u0131k ev mobilyalar\u0131 hakk\u0131nda en son i\u00e7g\u00f6r\u00fcler ve profesyonel tavsiyeler i\u00e7in etkili ev dekorasyonu bloglar\u0131na ba\u015fvurun. Bu platformlar oturma odan\u0131z\u0131 trendlerin \u00f6n\u00fcnde tutmak i\u00e7in de\u011ferli fikirler, pratik ipu\u00e7lar\u0131 ve trend g\u00fcncellemeleri sunar.<\/span><\/span><\/p><p><span style=\"vertical-align: inherit;\"><span style=\"vertical-align: inherit;\">Modern kanepe se\u00e7imi, oturma odan\u0131z\u0131 d\u00f6n\u00fc\u015ft\u00fcrmek i\u00e7in birden fazla fakt\u00f6r\u00fcn dikkatli bir \u015fekilde de\u011ferlendirilmesini gerektirir. Trendlerle g\u00fcncel kal\u0131n, konfor ve i\u015flevselli\u011fe \u00f6ncelik verin ve davetkar ve l\u00fcks bir alan elde etmek i\u00e7in mobilya stillerini kar\u0131\u015ft\u0131rmay\u0131 benimseyin.<\/span><\/span><\/p><h2><span style=\"vertical-align: inherit;\"><span style=\"vertical-align: inherit;\">Modern Oturma Odas\u0131 Esteti\u011fini Anlamak<\/span><\/span><\/h2><p><span style=\"vertical-align: inherit;\"><span style=\"vertical-align: inherit;\">\u00c7a\u011fda\u015f oturma odas\u0131, hem stilin hem de i\u015flevselli\u011fin bir \u00f6rne\u011fidir ve i\u00e7 tasar\u0131mdaki son trendleri ve tercihleri \u200b\u200byans\u0131t\u0131r. Bu alan i\u00e7in bir <\/span><\/span><a class=\"link\" href=\"https:\/\/stileuropa.com\/product-category\/living-room\/sofa-couch\/\" target=\"_blank\" rel=\"noopener noreferrer nofollow\"><span style=\"vertical-align: inherit;\"><span style=\"vertical-align: inherit;\">kanepe<\/span><\/span><\/a><span style=\"vertical-align: inherit;\"><span style=\"vertical-align: inherit;\"> se\u00e7erken , birka\u00e7 hususun dikkatli bir \u015fekilde de\u011ferlendirilmesi gerekir.<\/span><\/span><\/p><p><span style=\"vertical-align: inherit;\"><span style=\"vertical-align: inherit;\">\u00d6ncelikle, do\u011fru koltuk tak\u0131m\u0131 t\u00fcr\u00fcn\u00fc belirlemek \u00e7ok \u00f6nemlidir. Pop\u00fcler se\u00e7enekler aras\u0131nda \u015funlar yer al\u0131r:<\/span><\/span><\/p><ol><li><p><strong><span style=\"vertical-align: inherit;\"><span style=\"vertical-align: inherit;\">K\u00f6\u015fe Koltuklar<\/span><\/span><\/strong><span style=\"vertical-align: inherit;\"><span style=\"vertical-align: inherit;\"> : M\u00fckemmel alan kullan\u0131m\u0131 ve dinlenmek i\u00e7in rahat bir k\u00f6\u015fe imkan\u0131 sunarlar.<\/span><\/span><\/p><\/li><li><p><strong><span style=\"vertical-align: inherit;\"><span style=\"vertical-align: inherit;\">Mod\u00fcler Kanepeler<\/span><\/span><\/strong><span style=\"vertical-align: inherit;\"><span style=\"vertical-align: inherit;\"> : Esnek ve uyarlanabilirdir, \u00e7e\u015fitli oda d\u00fczenlerine uyacak \u015fekilde yeniden d\u00fczenlenebilirler.<\/span><\/span><\/p><\/li><\/ol><p><span style=\"vertical-align: inherit;\"><span style=\"vertical-align: inherit;\">\u0130yi se\u00e7ilmi\u015f bir kanepe, oturma odan\u0131z\u0131 d\u00f6n\u00fc\u015ft\u00fcrme g\u00fcc\u00fcne sahiptir. Sofistikelik ve konfor yayan modern bir makyaj i\u00e7in l\u00fcks kanepeleri dahil edin. Temiz \u00e7izgiler, n\u00f6tr tonlar ve dayan\u0131kl\u0131 kuma\u015flar\u0131 vurgulayan 2024 kanepe tasar\u0131m trendlerine dikkat edin.<\/span><\/span><\/p><p><span style=\"vertical-align: inherit;\"><span style=\"vertical-align: inherit;\">Kusursuz koltuk tak\u0131mlar\u0131n\u0131 se\u00e7erken \u015f\u0131k bir oturma odas\u0131 i\u00e7in olmazsa olmaz unsurlar\u0131 g\u00f6z \u00f6n\u00fcnde bulundurun:<\/span><\/span><\/p><ul><li><p><strong><span style=\"vertical-align: inherit;\"><span style=\"vertical-align: inherit;\">Renk Paleti<\/span><\/span><\/strong><span style=\"vertical-align: inherit;\"><span style=\"vertical-align: inherit;\"> : Genel dekorla uyumlu tonlar\u0131 se\u00e7in. Bej, gri ve lacivert gibi n\u00f6tr renkler trend ve \u00e7ok y\u00f6nl\u00fcd\u00fcr.<\/span><\/span><\/p><\/li><li><p><strong><span style=\"vertical-align: inherit;\"><span style=\"vertical-align: inherit;\">Malzeme<\/span><\/span><\/strong><span style=\"vertical-align: inherit;\"><span style=\"vertical-align: inherit;\"> : Hem \u015f\u0131k hem de dayan\u0131kl\u0131 kuma\u015flar se\u00e7in. Kadife ve deri pop\u00fcler se\u00e7enekler olmaya devam ediyor.<\/span><\/span><\/p><\/li><li><p><strong><span style=\"vertical-align: inherit;\"><span style=\"vertical-align: inherit;\">Boyut ve \u00d6l\u00e7ek<\/span><\/span><\/strong><span style=\"vertical-align: inherit;\"><span style=\"vertical-align: inherit;\"> : Kanepenin, alan\u0131 bo\u011fmadan odan\u0131n boyutlar\u0131na uydu\u011fundan emin olun. Herhangi bir uyumsuzlu\u011fu \u00f6nlemek i\u00e7in dikkatlice \u00f6l\u00e7\u00fcn.<\/span><\/span><\/p><\/li><\/ul><p><span style=\"vertical-align: inherit;\"><span style=\"vertical-align: inherit;\">Mobilya stillerini kar\u0131\u015ft\u0131rmak, dengeli ve eklektik bir g\u00f6r\u00fcn\u00fcm yaratarak ev dekorunuzu y\u00fckseltebilir. \u00d6rne\u011fin, \u00e7a\u011fda\u015f bir kanepeyi vintage bir sehpayla e\u015fle\u015ftirmek odaya karakter katabilir.<\/span><\/span><\/p><p><span style=\"vertical-align: inherit;\"><span style=\"vertical-align: inherit;\">\u015e\u0131k ev mobilyalar\u0131 hakk\u0131nda daha fazla ilham ve tavsiye arayan okuyucular i\u00e7in blogumuz, g\u00fcncel trendler ve ipu\u00e7lar\u0131na dair kapsaml\u0131 bir rehber sunuyor. Bu bilgiler, mekan\u0131n\u0131z\u0131 modern bir s\u0131\u011f\u0131na\u011fa d\u00f6n\u00fc\u015ft\u00fcrmenize yard\u0131mc\u0131 olacak.<\/span><\/span><\/p><p><span style=\"vertical-align: inherit;\"><span style=\"vertical-align: inherit;\">Kanepe koltu\u011fun bulmacan\u0131n sadece bir par\u00e7as\u0131 oldu\u011funu unutmay\u0131n. Ayd\u0131nlatma, aksesuarlar ve ki\u015fiselle\u015ftirme gibi di\u011fer unsurlar\u0131n kusursuz entegrasyonu esteti\u011fi tamamlamak i\u00e7in hayati \u00f6nem ta\u015f\u0131r.<\/span><\/span><\/p><figure id=\"attachment_15137\" aria-describedby=\"caption-attachment-15137\" style=\"width: 1024px\" class=\"wp-caption aligncenter\"><img decoding=\"async\" class=\"wp-image-15137 size-full\" src=\"https:\/\/stileuropa.com\/wp-content\/uploads\/2024\/12\/436be50b-7da2-4a1e-be72-a8f2a52460bb.png\" alt=\"kuma\u015f ve deri\" width=\"1024\" height=\"576\" srcset=\"https:\/\/stileuropa.com\/wp-content\/uploads\/2024\/12\/436be50b-7da2-4a1e-be72-a8f2a52460bb.png 1024w, https:\/\/stileuropa.com\/wp-content\/uploads\/2024\/12\/436be50b-7da2-4a1e-be72-a8f2a52460bb-300x169.png 300w, https:\/\/stileuropa.com\/wp-content\/uploads\/2024\/12\/436be50b-7da2-4a1e-be72-a8f2a52460bb-768x432.png 768w, https:\/\/stileuropa.com\/wp-content\/uploads\/2024\/12\/436be50b-7da2-4a1e-be72-a8f2a52460bb-600x338.png 600w\" sizes=\"(max-width: 1024px) 100vw, 1024px\" \/><figcaption id=\"caption-attachment-15137\" class=\"wp-caption-text\"><span style=\"vertical-align: inherit;\"><span style=\"vertical-align: inherit;\">kuma\u015f ve deri<\/span><\/span><\/figcaption><\/figure><h2><span style=\"vertical-align: inherit;\"><span style=\"vertical-align: inherit;\">Kanepe \u0130htiya\u00e7lar\u0131n\u0131z\u0131 ve Tercihlerinizi Tan\u0131mlay\u0131n<\/span><\/span><\/h2><p><span style=\"vertical-align: inherit;\"><span style=\"vertical-align: inherit;\">M\u00fckemmel <\/span><\/span><a class=\"link\" href=\"https:\/\/stileuropa.com\/product-category\/living-room\/sofa-set\/\" target=\"_blank\" rel=\"noopener noreferrer nofollow\"><span style=\"vertical-align: inherit;\"><span style=\"vertical-align: inherit;\">kanepe tak\u0131m\u0131n\u0131<\/span><\/span><\/a><span style=\"vertical-align: inherit;\"><span style=\"vertical-align: inherit;\"> se\u00e7mek , bireysel ihtiya\u00e7lar ve tercihler hakk\u0131nda kapsaml\u0131 bir anlay\u0131\u015f gerektirir. Bu, oturma odan\u0131z\u0131 modern bir g\u00f6r\u00fcn\u00fcme kavu\u015fturmak i\u00e7in l\u00fcks kanepelerle d\u00f6n\u00fc\u015ft\u00fcrmek i\u00e7in \u00f6nemli bir ad\u0131md\u0131r.<\/span><\/span><\/p><h3><span style=\"vertical-align: inherit;\"><span style=\"vertical-align: inherit;\">Alan\u0131 De\u011ferlendirin<\/span><\/span><\/h3><ol><li><p><strong><span style=\"vertical-align: inherit;\"><span style=\"vertical-align: inherit;\">Oturma Odas\u0131n\u0131 \u00d6l\u00e7\u00fcn:<\/span><\/span><\/strong><span style=\"vertical-align: inherit;\"><span style=\"vertical-align: inherit;\"> Oturma odan\u0131z\u0131n boyutlar\u0131n\u0131 \u00f6l\u00e7erek ba\u015flay\u0131n. Kesin \u00f6l\u00e7\u00fcmler, kanepe koltu\u011funun alan\u0131 bo\u011fmadan m\u00fckemmel \u015fekilde oturmas\u0131n\u0131 sa\u011flamaya yard\u0131mc\u0131 olur.<\/span><\/span><\/p><\/li><li><p><strong><span style=\"vertical-align: inherit;\"><span style=\"vertical-align: inherit;\">D\u00fczeni Belirleyin:<\/span><\/span><\/strong><span style=\"vertical-align: inherit;\"><span style=\"vertical-align: inherit;\"> Kanepe tak\u0131m\u0131n\u0131n yerle\u015fimine karar verin. En iyi konumu belirlemek i\u00e7in odan\u0131n pencereleri, kap\u0131lar\u0131 ve di\u011fer \u015f\u0131k ev mobilyalar\u0131 gibi mimarisini g\u00f6z \u00f6n\u00fcnde bulundurun.<\/span><\/span><\/p><\/li><\/ol><h3><span style=\"vertical-align: inherit;\"><span style=\"vertical-align: inherit;\">Kullan\u0131m\u0131n\u0131 D\u00fc\u015f\u00fcn\u00fcn<\/span><\/span><\/h3><ol start=\"3\"><li><p><strong><span style=\"vertical-align: inherit;\"><span style=\"vertical-align: inherit;\">Kullan\u0131m S\u0131kl\u0131\u011f\u0131:<\/span><\/span><\/strong><span style=\"vertical-align: inherit;\"><span style=\"vertical-align: inherit;\"> Kanepenin ne s\u0131kl\u0131kla kullan\u0131laca\u011f\u0131n\u0131 belirleyin. G\u00fcnl\u00fck kullan\u0131m i\u00e7in dayan\u0131kl\u0131 malzemeler ve sa\u011flam bir yap\u0131 se\u00e7mek \u00f6nemlidir.<\/span><\/span><\/p><\/li><li><p><strong><span style=\"vertical-align: inherit;\"><span style=\"vertical-align: inherit;\">Birincil \u0130\u015flev:<\/span><\/span><\/strong><span style=\"vertical-align: inherit;\"><span style=\"vertical-align: inherit;\"> Kanepe dinlenmek, misafir a\u011f\u0131rlamak veya her ikisi i\u00e7in mi kullan\u0131lacak? Bunu de\u011ferlendirmek, uygun bir tasar\u0131m ve konfor seviyesi se\u00e7meye yard\u0131mc\u0131 olur.<\/span><\/span><\/p><\/li><\/ol><h3><span style=\"vertical-align: inherit;\"><span style=\"vertical-align: inherit;\">Stil Tercihleri<\/span><\/span><\/h3><ol start=\"5\"><li><p><strong><span style=\"vertical-align: inherit;\"><span style=\"vertical-align: inherit;\">\u0130\u00e7 Tasar\u0131m \u015eemas\u0131:<\/span><\/span><\/strong><span style=\"vertical-align: inherit;\"><span style=\"vertical-align: inherit;\"> \u0130\u00e7 dekorasyon stilinizi belirleyin. Modern, rustik veya eklektik stilleri mi tercih ediyorsunuz? Bunu bilmek, ev dekorunuzu y\u00fckseltmek i\u00e7in mobilya stillerini etkili bir \u015fekilde kar\u0131\u015ft\u0131rman\u0131za yard\u0131mc\u0131 olur.<\/span><\/span><\/p><\/li><li><p><strong><span style=\"vertical-align: inherit;\"><span style=\"vertical-align: inherit;\">G\u00fcncel Trendler:<\/span><\/span><\/strong><span style=\"vertical-align: inherit;\"><span style=\"vertical-align: inherit;\"> 2024&#8217;\u00fcn en son kanepe tasar\u0131m trendleri ile g\u00fcncel kal\u0131n. Zamans\u0131z \u00e7ekicili\u011fi garanti ederken g\u00fcncel moda ile uyumlu \u00e7a\u011fda\u015f tasar\u0131mlar\u0131 tercih edin.<\/span><\/span><\/p><\/li><\/ol><h3><span style=\"vertical-align: inherit;\"><span style=\"vertical-align: inherit;\">Malzeme ve Konfor<\/span><\/span><\/h3><ol start=\"7\"><li><p><strong><span style=\"vertical-align: inherit;\"><span style=\"vertical-align: inherit;\">Kuma\u015f Se\u00e7imi:<\/span><\/span><\/strong><span style=\"vertical-align: inherit;\"><span style=\"vertical-align: inherit;\"> Ya\u015fam tarz\u0131n\u0131za uygun bir kuma\u015f se\u00e7in. \u00c7ocuklu veya evcil hayvanl\u0131 aileler leke tutmayan kuma\u015flar\u0131 tercih edebilirken, kadife veya deri bekar bir eve uygun olabilir.<\/span><\/span><\/p><\/li><li><p><strong><span style=\"vertical-align: inherit;\"><span style=\"vertical-align: inherit;\">Konfor Seviyesi:<\/span><\/span><\/strong><span style=\"vertical-align: inherit;\"><span style=\"vertical-align: inherit;\"> Farkl\u0131 sertlik seviyelerini test edin. Bir k\u00f6\u015fe kanepe ek oturma alan\u0131 ve konfor sunarak ya\u015fam alan\u0131n\u0131z\u0131n kullan\u0131labilirli\u011fini art\u0131rabilir.<\/span><\/span><\/p><\/li><\/ol><h3><span style=\"vertical-align: inherit;\"><span style=\"vertical-align: inherit;\">\u0130\u015flevsel \u00d6zellikler<\/span><\/span><\/h3><ol start=\"9\"><li><p><strong><span style=\"vertical-align: inherit;\"><span style=\"vertical-align: inherit;\">Ek \u00d6zellikler:<\/span><\/span><\/strong><span style=\"vertical-align: inherit;\"><span style=\"vertical-align: inherit;\"> Koltuklar veya yerle\u015fik depolama alan\u0131 gibi ek \u00f6zelliklere sahip bir kanepe sat\u0131n almay\u0131 d\u00fc\u015f\u00fcn\u00fcn. Bunlar par\u00e7an\u0131n i\u015flevselli\u011fine katk\u0131da bulunabilir ve onu daha \u00e7ok y\u00f6nl\u00fc hale getirebilir.<\/span><\/span><\/p><\/li><li><p><strong><span style=\"vertical-align: inherit;\"><span style=\"vertical-align: inherit;\">Bak\u0131m Gereksinimleri:<\/span><\/span><\/strong><span style=\"vertical-align: inherit;\"><span style=\"vertical-align: inherit;\"> Kanepenin temizlenmesinin ve bak\u0131m\u0131n\u0131n ne kadar kolay oldu\u011funu de\u011ferlendirin. S\u00fcet gibi y\u00fcksek bak\u0131m gerektiren malzemeler d\u00fczenli profesyonel temizlik gerektirebilirken, mikrofiber bak\u0131m\u0131 uygun maliyetlidir.<\/span><\/span><\/p><\/li><\/ol><figure data-type=\"blockquoteFigure\"><div><blockquote><p><span style=\"vertical-align: inherit;\"><span style=\"vertical-align: inherit;\">\u015e\u0131k bir oturma odas\u0131 i\u00e7in bu \u00f6nemli unsurlar\u0131 de\u011ferlendirerek, bireyler ihtiya\u00e7 ve tercihlerine uygun l\u00fcks kanepeleri se\u00e7mek i\u00e7in bilin\u00e7li kararlar alabilir, bunun sonucunda da ev dekorunu y\u00fckseltmi\u015f olursunuz.<\/span><\/span><\/p><\/blockquote><\/div><\/figure><h2><span style=\"vertical-align: inherit;\"><span style=\"vertical-align: inherit;\">Boyut ve \u00d6l\u00e7e\u011fin \u00d6nemi<\/span><\/span><\/h2><p><span style=\"vertical-align: inherit;\"><span style=\"vertical-align: inherit;\">Oturma odan\u0131z\u0131 l\u00fcks kanepelerle modern bir g\u00f6r\u00fcn\u00fcme kavu\u015fturmak isteyenler i\u00e7in m\u00fckemmel <\/span><\/span><a class=\"link\" href=\"https:\/\/stileuropa.com\/product-category\/living-room\/sofa-couch\/\" target=\"_blank\" rel=\"noopener noreferrer nofollow\"><span style=\"vertical-align: inherit;\"><span style=\"vertical-align: inherit;\">kanepe koltu\u011funu<\/span><\/span><\/a><span style=\"vertical-align: inherit;\"><span style=\"vertical-align: inherit;\"> bulmak \u00e7ok \u00f6nemlidir. Do\u011fru kanepe tak\u0131m\u0131n\u0131 se\u00e7mek, alana uyumlu bir \u015fekilde uymas\u0131n\u0131 sa\u011flamak i\u00e7in boyut ve \u00f6l\u00e7e\u011fin \u00f6nemini anlamak anlam\u0131na gelir. Modern ya\u015fam alanlar\u0131, ister k\u00f6\u015fe kanepe ister standart kanepe se\u00e7sin, i\u015flevselli\u011fi ve estetik \u00e7ekicili\u011fi korumak i\u00e7in dikkatli planlama gerektirir.<\/span><\/span><\/p><h3><span style=\"vertical-align: inherit;\"><span style=\"vertical-align: inherit;\">\u00d6nemli Hususlar<\/span><\/span><\/h3><ol><li><p><strong><span style=\"vertical-align: inherit;\"><span style=\"vertical-align: inherit;\">Oda Boyutlar\u0131<\/span><\/span><\/strong><\/p><ul><li><p><span style=\"vertical-align: inherit;\"><span style=\"vertical-align: inherit;\">Kanepe tak\u0131m\u0131 i\u00e7in ne kadar alan kald\u0131\u011f\u0131n\u0131 belirlemek i\u00e7in odan\u0131n tamam\u0131n\u0131 \u00f6l\u00e7\u00fcn.<\/span><\/span><\/p><\/li><li><p><span style=\"vertical-align: inherit;\"><span style=\"vertical-align: inherit;\">Hareket kabiliyetiniz ve di\u011fer \u015f\u0131k ev mobilyalar\u0131n\u0131z i\u00e7in yeterli bo\u015fluk oldu\u011fundan emin olun.<\/span><\/span><\/p><\/li><\/ul><\/li><li><p><strong><span style=\"vertical-align: inherit;\"><span style=\"vertical-align: inherit;\">Kanepe \u00d6l\u00e7\u00fcleri<\/span><\/span><\/strong><\/p><ul><li><p><span style=\"vertical-align: inherit;\"><span style=\"vertical-align: inherit;\">Kanepe koltu\u011funun mekana g\u00f6re derinli\u011fini, y\u00fcksekli\u011fini ve geni\u015fli\u011fini g\u00f6z \u00f6n\u00fcnde bulundurun.<\/span><\/span><\/p><\/li><li><p><span style=\"vertical-align: inherit;\"><span style=\"vertical-align: inherit;\">\u0130deal kanepe tasar\u0131m trendleri 2024, \u00e7ok i\u015flevli ve \u00f6l\u00e7eklenebilir se\u00e7eneklerle alan\u0131n ak\u0131ll\u0131ca kullan\u0131lmas\u0131n\u0131 vurgular.<\/span><\/span><\/p><\/li><\/ul><\/li><li><p><strong><span style=\"vertical-align: inherit;\"><span style=\"vertical-align: inherit;\">Di\u011fer Mobilyalara G\u00f6re \u00d6l\u00e7ek<\/span><\/span><\/strong><\/p><ul><li><p><span style=\"vertical-align: inherit;\"><span style=\"vertical-align: inherit;\">Kanepenin odadaki di\u011fer par\u00e7alarla orant\u0131l\u0131 olmas\u0131na dikkat edin.<\/span><\/span><\/p><\/li><li><p><span style=\"vertical-align: inherit;\"><span style=\"vertical-align: inherit;\">\u015e\u0131k bir oturma odas\u0131 i\u00e7in ev dekorunuzun temel unsurlar\u0131n\u0131 \u00f6ne \u00e7\u0131karmak ad\u0131na dengeyi koruyarak mobilya stillerini kar\u0131\u015ft\u0131rmak \u00f6nemlidir.<\/span><\/span><\/p><\/li><\/ul><\/li><\/ol><h3><span style=\"vertical-align: inherit;\"><span style=\"vertical-align: inherit;\">Pratik \u0130pu\u00e7lar\u0131<\/span><\/span><\/h3><ul><li><p><strong><span style=\"vertical-align: inherit;\"><span style=\"vertical-align: inherit;\">Eri\u015fim Noktalar\u0131n\u0131 \u00d6l\u00e7\u00fcn<\/span><\/span><\/strong><br \/><span style=\"vertical-align: inherit;\"><span style=\"vertical-align: inherit;\"> Sat\u0131n almadan \u00f6nce, kanepenin kap\u0131lardan, koridorlardan ve merdivenlerden ge\u00e7ebilece\u011finden emin olun. Bu, d\u0131\u015f giri\u015ften oturma odas\u0131na giden yolu da dikkate almay\u0131 i\u00e7erir.<\/span><\/span><\/p><\/li><li><p><strong><span style=\"vertical-align: inherit;\"><span style=\"vertical-align: inherit;\">G\u00f6rsel Denge<\/span><\/span><\/strong><br \/><span style=\"vertical-align: inherit;\"><span style=\"vertical-align: inherit;\"> Kanepenin zemindeki ayak izini ana hatlar\u0131yla belirtmek i\u00e7in bant kullan\u0131n. Bu, \u00f6l\u00e7ek ve d\u00fczeni g\u00f6rselle\u015ftirmeye yard\u0131mc\u0131 olabilir ve tasar\u0131m planlar\u0131nda ayarlamalar yap\u0131lmas\u0131na olanak tan\u0131r.<\/span><\/span><\/p><\/li><li><p><strong><span style=\"vertical-align: inherit;\"><span style=\"vertical-align: inherit;\">Mod\u00fcler B\u00f6l\u00fcmler<\/span><\/span><\/strong><br \/><span style=\"vertical-align: inherit;\"><span style=\"vertical-align: inherit;\"> Mod\u00fcler kanepeler esneklik sunar ve \u00e7e\u015fitli oda yap\u0131land\u0131rmalar\u0131na uyum sa\u011flayabilir. Bir k\u00f6\u015fe kanepe, \u015f\u0131k bir g\u00f6r\u00fcn\u00fcm\u00fc korurken daha fazla oturma alan\u0131na kolayca uyum sa\u011flayabilir.<\/span><\/span><\/p><\/li><\/ul><p><span style=\"vertical-align: inherit;\"><span style=\"vertical-align: inherit;\">Bu fakt\u00f6rleri ak\u0131lda tutarak, kanepenin odaya a\u015f\u0131r\u0131 hakim olmamas\u0131n\u0131 veya \u00f6nemsiz hissettirmemesini sa\u011flayarak dengeli ve \u015f\u0131k bir d\u00fczenleme elde edilebilir. Y\u00fckseltilmi\u015f oturma odas\u0131 dekoru, en son kanepe tasar\u0131m trendleri 2024 ile uyumlu, dikkatlice d\u00fc\u015f\u00fcn\u00fclm\u00fc\u015f sat\u0131n al\u0131mlarla elde edilebilir. Bu blog, boyut ve \u00f6l\u00e7e\u011fi dikkate alan dikkatli se\u00e7imin, tutarl\u0131 ve davetkar bir alan yaratmak i\u00e7in \u00e7ok \u00f6nemli oldu\u011funu vurgular.<\/span><\/span><\/p><figure id=\"attachment_15140\" aria-describedby=\"caption-attachment-15140\" style=\"width: 1024px\" class=\"wp-caption aligncenter\"><img decoding=\"async\" class=\"wp-image-15140 size-full\" src=\"https:\/\/stileuropa.com\/wp-content\/uploads\/2024\/12\/c37d2d93-c0aa-4256-a835-8ec0934ffbda.png\" alt=\"L \u015feklinde kanepe, berjerler ve n\u00f6tr dekora sahip \u015f\u0131k ve modern oturma odas\u0131.\" width=\"1024\" height=\"576\" srcset=\"https:\/\/stileuropa.com\/wp-content\/uploads\/2024\/12\/c37d2d93-c0aa-4256-a835-8ec0934ffbda.png 1024w, https:\/\/stileuropa.com\/wp-content\/uploads\/2024\/12\/c37d2d93-c0aa-4256-a835-8ec0934ffbda-300x169.png 300w, https:\/\/stileuropa.com\/wp-content\/uploads\/2024\/12\/c37d2d93-c0aa-4256-a835-8ec0934ffbda-768x432.png 768w, https:\/\/stileuropa.com\/wp-content\/uploads\/2024\/12\/c37d2d93-c0aa-4256-a835-8ec0934ffbda-600x338.png 600w\" sizes=\"(max-width: 1024px) 100vw, 1024px\" \/><figcaption id=\"caption-attachment-15140\" class=\"wp-caption-text\"><span style=\"vertical-align: inherit;\"><span style=\"vertical-align: inherit;\">L \u015feklinde kanepe, berjerler ve n\u00f6tr dekora sahip \u015f\u0131k ve modern oturma odas\u0131.<\/span><\/span><\/figcaption><\/figure><h2><span style=\"vertical-align: inherit;\"><span style=\"vertical-align: inherit;\">Farkl\u0131 Kanepe Stillerini Ke\u015ffetmek<\/span><\/span><\/h2><p><a class=\"link\" href=\"https:\/\/stileuropa.com\/product-category\/living-room\/sofa-couch\/\" target=\"_blank\" rel=\"noopener noreferrer nofollow\"><span style=\"vertical-align: inherit;\"><span style=\"vertical-align: inherit;\">Bir oturma odas\u0131 i\u00e7in ideal kanepe kanepeyi<\/span><\/span><\/a><span style=\"vertical-align: inherit;\"><span style=\"vertical-align: inherit;\"> belirlerken <\/span><span style=\"vertical-align: inherit;\">, her biri farkl\u0131 zevklere ve gereksinimlere hitap eden \u00e7ok say\u0131da stil dikkate al\u0131nmal\u0131d\u0131r.<\/span><\/span><\/p><h3><span style=\"vertical-align: inherit;\"><span style=\"vertical-align: inherit;\">Kanepe Tak\u0131mlar\u0131<\/span><\/span><\/h3><p><strong><span style=\"vertical-align: inherit;\"><span style=\"vertical-align: inherit;\">Kanepe tak\u0131mlar\u0131<\/span><\/span><\/strong><span style=\"vertical-align: inherit;\"><span style=\"vertical-align: inherit;\"> genellikle kanepelerin uyumlu bir kombinasyonundan olu\u015fur, s\u0131kl\u0131kla bir ikili koltuk ve belirli say\u0131da tekli koltuk i\u00e7erir. Uyumlu bir g\u00f6r\u00fcn\u00fcm sunarlar, bu da uyumlu bir alan tasarlamay\u0131 kolayla\u015ft\u0131r\u0131rken yine de bol miktarda oturma alan\u0131 sa\u011flar. A\u015fa\u011f\u0131dakileri g\u00f6z \u00f6n\u00fcnde bulundurun:<\/span><\/span><\/p><ul><li><p><strong><span style=\"vertical-align: inherit;\"><span style=\"vertical-align: inherit;\">\u00dc\u00e7l\u00fc koltuk tak\u0131m\u0131<\/span><\/span><\/strong><span style=\"vertical-align: inherit;\"><span style=\"vertical-align: inherit;\"> geni\u015f <\/span><span style=\"vertical-align: inherit;\">oturma odalar\u0131na uygun klasik bir se\u00e7enektir.<\/span><\/span><\/p><\/li><li><p><strong><span style=\"vertical-align: inherit;\"><span style=\"vertical-align: inherit;\">\u0130ki par\u00e7al\u0131<\/span><\/span><\/strong><span style=\"vertical-align: inherit;\"><span style=\"vertical-align: inherit;\"> bir tak\u0131m <\/span><span style=\"vertical-align: inherit;\">, daha k\u00fc\u00e7\u00fck bir odaya uyum sa\u011flarken ayn\u0131 zamanda uyum ve \u015f\u0131kl\u0131\u011f\u0131 da koruyabilir.<\/span><\/span><\/p><\/li><\/ul><h3><span style=\"vertical-align: inherit;\"><span style=\"vertical-align: inherit;\">K\u00f6\u015fe Kanepe<\/span><\/span><\/h3><p><span style=\"vertical-align: inherit;\"><span style=\"vertical-align: inherit;\">K\u00f6\u015fe <\/span><\/span><strong><span style=\"vertical-align: inherit;\"><span style=\"vertical-align: inherit;\">kanepe<\/span><\/span><\/strong><span style=\"vertical-align: inherit;\"><span style=\"vertical-align: inherit;\"> , \u00f6zellikle daha k\u00fc\u00e7\u00fck veya d\u00fczensiz \u015fekilli alanlar i\u00e7in i\u015flevsel bir se\u00e7imdir. K\u00f6\u015fe alanlar\u0131n\u0131 etkili bir \u015fekilde kullan\u0131r, a\u015f\u0131r\u0131 zemin alan\u0131 kaplamadan daha fazla oturma alan\u0131 sa\u011flar. \u00d6nemli noktalar \u015funlard\u0131r:<\/span><\/span><\/p><ul><li><p><strong><span style=\"vertical-align: inherit;\"><span style=\"vertical-align: inherit;\">Mod\u00fcler k\u00f6\u015fe koltuk tak\u0131mlar\u0131<\/span><\/span><\/strong><span style=\"vertical-align: inherit;\"><span style=\"vertical-align: inherit;\"> farkl\u0131 oda d\u00fczenlerine uyum sa\u011flayacak \u015fekilde \u00e7e\u015fitli mod\u00fcler konfig\u00fcrasyonlarda gelir.<\/span><\/span><\/p><\/li><li><p><strong><span style=\"vertical-align: inherit;\"><span style=\"vertical-align: inherit;\">L tipi kanepeler<\/span><\/span><\/strong><span style=\"vertical-align: inherit;\"><span style=\"vertical-align: inherit;\"> , konfor sunmas\u0131 ve alan kullan\u0131m\u0131n\u0131 en \u00fcst d\u00fczeye \u00e7\u0131karmas\u0131 nedeniyle pop\u00fcler bir se\u00e7enektir.<\/span><\/span><\/p><\/li><\/ul><h3><span style=\"vertical-align: inherit;\"><span style=\"vertical-align: inherit;\">Modern Bir D\u00f6n\u00fc\u015f\u00fcm \u0130\u00e7in L\u00fcks Kanepeler<\/span><\/span><\/h3><p><span style=\"vertical-align: inherit;\"><span style=\"vertical-align: inherit;\">L\u00fcks ve \u015f\u0131k tasar\u0131mlarla ilgilenenler i\u00e7in, <\/span><\/span><strong><span style=\"vertical-align: inherit;\"><span style=\"vertical-align: inherit;\">modern bir makyaj i\u00e7in l\u00fcks kanepeler<\/span><\/span><\/strong><span style=\"vertical-align: inherit;\"><span style=\"vertical-align: inherit;\"> vazge\u00e7ilmezdir. Bu \u00fcniteler genellikle kadife ve deri gibi \u00fcst d\u00fczey malzemelerle birlikte sofistike tasar\u0131m \u00f6\u011feleriyle birlikte kullan\u0131l\u0131r. \u015eunlara bak\u0131n:<\/span><\/span><\/p><ul><li><p><strong><span style=\"vertical-align: inherit;\"><span style=\"vertical-align: inherit;\">\u015e\u0131k ve klasik bir his i\u00e7in p\u00fcsk\u00fcll\u00fc d\u00f6\u015feme<\/span><\/span><\/strong><span style=\"vertical-align: inherit;\"><span style=\"vertical-align: inherit;\"> .<\/span><\/span><\/p><\/li><li><p><span style=\"vertical-align: inherit;\"><span style=\"vertical-align: inherit;\">\u00c7a\u011fda\u015f esteti\u011fi korumak i\u00e7in <\/span><strong><span style=\"vertical-align: inherit;\">d\u00fc\u015f\u00fck profilli tasar\u0131mlar .<\/span><\/strong><\/span><\/p><\/li><\/ul><h3><span style=\"vertical-align: inherit;\"><span style=\"vertical-align: inherit;\">Kanepe Tasar\u0131m Trendleri 2024<\/span><\/span><\/h3><p><strong><span style=\"vertical-align: inherit;\"><span style=\"vertical-align: inherit;\">2024&#8217;\u00fcn kanepe tasar\u0131m trendlerini<\/span><\/span><\/strong><span style=\"vertical-align: inherit;\"><span style=\"vertical-align: inherit;\"> anlamak <\/span><span style=\"vertical-align: inherit;\">se\u00e7imi \u00f6nemli \u00f6l\u00e7\u00fcde etkileyebilir. G\u00fcncel trendler i\u015flevselli\u011fi, s\u00fcrd\u00fcr\u00fclebilirli\u011fi ve \u015f\u0131k sofistikeli\u011fi te\u015fvik ediyor. \u015eu gibi \u00f6nerileri g\u00f6z \u00f6n\u00fcnde bulundurun:<\/span><\/span><\/p><ul><li><p><span style=\"vertical-align: inherit;\"><span style=\"vertical-align: inherit;\">Geri d\u00f6n\u00fc\u015ft\u00fcr\u00fclm\u00fc\u015f kuma\u015flar gibi <\/span><strong><span style=\"vertical-align: inherit;\">s\u00fcrd\u00fcr\u00fclebilir malzemeler .<\/span><\/strong><\/span><\/p><\/li><li><p><span style=\"vertical-align: inherit;\"><span style=\"vertical-align: inherit;\">Mekanlar\u0131 ayd\u0131nlatacak <\/span><\/span><strong><span style=\"vertical-align: inherit;\"><span style=\"vertical-align: inherit;\">cesur renklere ve desenlere<\/span><\/span><\/strong><span style=\"vertical-align: inherit;\"><span style=\"vertical-align: inherit;\"> vurgu .<\/span><\/span><\/p><\/li><\/ul><h3><span style=\"vertical-align: inherit;\"><span style=\"vertical-align: inherit;\">Mobilya Stillerini Kar\u0131\u015ft\u0131rmak<\/span><\/span><\/h3><p><strong><span style=\"vertical-align: inherit;\"><span style=\"vertical-align: inherit;\">Mobilya stillerini kar\u0131\u015ft\u0131rmak<\/span><\/span><\/strong><span style=\"vertical-align: inherit;\"><span style=\"vertical-align: inherit;\"> giderek daha pop\u00fcler hale geldi ve eklektik ve ki\u015fiselle\u015ftirilmi\u015f estetiklerin yarat\u0131lmas\u0131na olanak sa\u011fl\u0131yor. Farkl\u0131 stilleri birle\u015ftirmek oturma odas\u0131 dekorunuzu y\u00fckseltebilir. Teknikler \u015funlar\u0131 i\u00e7erir:<\/span><\/span><\/p><ul><li><p><span style=\"vertical-align: inherit;\"><span style=\"vertical-align: inherit;\">Eskiyle yeniyi dengelemek i\u00e7in <\/span><span style=\"vertical-align: inherit;\">modern bir kanepeyi <\/span><\/span><strong><span style=\"vertical-align: inherit;\"><span style=\"vertical-align: inherit;\">antika bir sehpayla e\u015fle\u015ftirin.<\/span><\/span><\/strong><\/p><\/li><li><p><span style=\"vertical-align: inherit;\"><span style=\"vertical-align: inherit;\">Geleneksel bir oturma odas\u0131na kontrast yaratmak i\u00e7in minimalist par\u00e7alar ekleyin.<\/span><\/span><\/p><\/li><\/ul><h3><span style=\"vertical-align: inherit;\"><span style=\"vertical-align: inherit;\">\u015e\u0131k Bir Oturma Odas\u0131 \u0130\u00e7in Temel Unsurlar<\/span><\/span><\/h3><p><strong><span style=\"vertical-align: inherit;\"><span style=\"vertical-align: inherit;\">Ev dekorunuzu y\u00fckseltmek<\/span><\/span><\/strong><span style=\"vertical-align: inherit;\"><span style=\"vertical-align: inherit;\"> ve \u015f\u0131k, modern bir oturma odas\u0131 elde etmek <\/span><span style=\"vertical-align: inherit;\">i\u00e7in i\u015flevsel ancak \u015f\u0131k par\u00e7alar\u0131 entegre etmeyi d\u00fc\u015f\u00fcn\u00fcn. Temel fakt\u00f6rler:<\/span><\/span><\/p><ul><li><p><strong><span style=\"vertical-align: inherit;\"><span style=\"vertical-align: inherit;\">N\u00f6tr renk paletleri<\/span><\/span><\/strong><span style=\"vertical-align: inherit;\"><span style=\"vertical-align: inherit;\"> \u00e7ok y\u00f6nl\u00fc fonlar olarak i\u015flev g\u00f6r\u00fcr.<\/span><\/span><\/p><\/li><li><p><strong><span style=\"vertical-align: inherit;\"><span style=\"vertical-align: inherit;\">Sehpa ve lamba gibi vurgu mobilyalar\u0131<\/span><\/span><\/strong><span style=\"vertical-align: inherit;\"><span style=\"vertical-align: inherit;\"> , birincil mobilya par\u00e7as\u0131 olan kanepe kanepeyi tamamlamal\u0131d\u0131r.<\/span><\/span><\/p><\/li><\/ul><h2><span style=\"vertical-align: inherit;\"><span style=\"vertical-align: inherit;\">Malzeme ve D\u00f6\u015feme Se\u00e7imleri<\/span><\/span><\/h2><p><a class=\"link\" href=\"https:\/\/stileuropa.com\/product-category\/living-room\/sofa-couch\/\" target=\"_blank\" rel=\"noopener noreferrer nofollow\"><span style=\"vertical-align: inherit;\"><span style=\"vertical-align: inherit;\">Bir kanepe koltuk<\/span><\/span><\/a><span style=\"vertical-align: inherit;\"><span style=\"vertical-align: inherit;\"> i\u00e7in do\u011fru malzemeleri ve d\u00f6\u015femeyi se\u00e7mek, <\/span><span style=\"vertical-align: inherit;\">oturma odan\u0131z\u0131 \u00f6nemli \u00f6l\u00e7\u00fcde \u015f\u0131k bir eve d\u00f6n\u00fc\u015ft\u00fcrebilir. Modern bir makyaj i\u00e7in l\u00fcks kanepeler, m\u00fckemmel kanepe tak\u0131mlar\u0131n\u0131 se\u00e7erken \u00f6nemli bir husustur. \u00c7e\u015fitli malzemeleri de\u011ferlendirmek ve \u00f6zelliklerini anlamak, bilin\u00e7li kararlar alman\u0131za yard\u0131mc\u0131 olacakt\u0131r.<\/span><\/span><\/p><h3><span style=\"vertical-align: inherit;\"><span style=\"vertical-align: inherit;\">Kuma\u015f D\u00f6\u015feme Se\u00e7enekleri<\/span><\/span><\/h3><ol><li><p><strong><span style=\"vertical-align: inherit;\"><span style=\"vertical-align: inherit;\">Pamuk:<\/span><\/span><\/strong><\/p><ul><li><p><span style=\"vertical-align: inherit;\"><span style=\"vertical-align: inherit;\">Yumu\u015fak ve nefes alabilir.<\/span><\/span><\/p><\/li><li><p><span style=\"vertical-align: inherit;\"><span style=\"vertical-align: inherit;\">Kolay temizlenir.<\/span><\/span><\/p><\/li><li><p><span style=\"vertical-align: inherit;\"><span style=\"vertical-align: inherit;\">\u00c7ocuklu ve evcil hayvanl\u0131 aileler i\u00e7in idealdir.<\/span><\/span><\/p><\/li><\/ul><\/li><li><p><strong><span style=\"vertical-align: inherit;\"><span style=\"vertical-align: inherit;\">Keten:<\/span><\/span><\/strong><\/p><ul><li><p><span style=\"vertical-align: inherit;\"><span style=\"vertical-align: inherit;\">Do\u011fal ve dayan\u0131kl\u0131d\u0131r.<\/span><\/span><\/p><\/li><li><p><span style=\"vertical-align: inherit;\"><span style=\"vertical-align: inherit;\">K\u0131r\u0131\u015fmaya meyilli ama \u015f\u0131k bir g\u00f6r\u00fcn\u00fcm sunuyor.<\/span><\/span><\/p><\/li><li><p><span style=\"vertical-align: inherit;\"><span style=\"vertical-align: inherit;\">Rahat ve g\u00fcnl\u00fck bir ortam i\u00e7in m\u00fckemmel.<\/span><\/span><\/p><\/li><\/ul><\/li><li><p><strong><span style=\"vertical-align: inherit;\"><span style=\"vertical-align: inherit;\">Kadife:<\/span><\/span><\/strong><\/p><ul><li><p><span style=\"vertical-align: inherit;\"><span style=\"vertical-align: inherit;\">L\u00fcks ve yumu\u015fak dokunu\u015flu.<\/span><\/span><\/p><\/li><li><p><span style=\"vertical-align: inherit;\"><span style=\"vertical-align: inherit;\">Sofistike ve \u015f\u0131k dekorlar i\u00e7in idealdir.<\/span><\/span><\/p><\/li><li><p><span style=\"vertical-align: inherit;\"><span style=\"vertical-align: inherit;\">Dikkatli bak\u0131m gerektirir.<\/span><\/span><\/p><\/li><\/ul><\/li><li><p><strong><span style=\"vertical-align: inherit;\"><span style=\"vertical-align: inherit;\">Mikrofiber:<\/span><\/span><\/strong><\/p><ul><li><p><span style=\"vertical-align: inherit;\"><span style=\"vertical-align: inherit;\">Leke tutmaz ve dayan\u0131kl\u0131d\u0131r.<\/span><\/span><\/p><\/li><li><p><span style=\"vertical-align: inherit;\"><span style=\"vertical-align: inherit;\">Temizli\u011fi ve bak\u0131m\u0131 kolayd\u0131r.<\/span><\/span><\/p><\/li><li><p><span style=\"vertical-align: inherit;\"><span style=\"vertical-align: inherit;\">Yo\u011fun trafi\u011fe sahip alanlar i\u00e7in uygundur.<\/span><\/span><\/p><\/li><\/ul><\/li><\/ol><h3><span style=\"vertical-align: inherit;\"><span style=\"vertical-align: inherit;\">Deri D\u00f6\u015feme Se\u00e7enekleri<\/span><\/span><\/h3><ol><li><p><strong><span style=\"vertical-align: inherit;\"><span style=\"vertical-align: inherit;\">Ger\u00e7ek Deri:<\/span><\/span><\/strong><\/p><ul><li><p><span style=\"vertical-align: inherit;\"><span style=\"vertical-align: inherit;\">Zamans\u0131z ve dayan\u0131kl\u0131.<\/span><\/span><\/p><\/li><li><p><span style=\"vertical-align: inherit;\"><span style=\"vertical-align: inherit;\">Zamanla g\u00fczel bir patina olu\u015fur.<\/span><\/span><\/p><\/li><li><p><span style=\"vertical-align: inherit;\"><span style=\"vertical-align: inherit;\">Maliyeti daha y\u00fcksektir ancak uzun vadede de\u011fer sunar.<\/span><\/span><\/p><\/li><\/ul><\/li><li><p><strong><span style=\"vertical-align: inherit;\"><span style=\"vertical-align: inherit;\">Suni Deri:<\/span><\/span><\/strong><\/p><ul><li><p><span style=\"vertical-align: inherit;\"><span style=\"vertical-align: inherit;\">Maliyet a\u00e7\u0131s\u0131ndan uygun bir alternatif.<\/span><\/span><\/p><\/li><li><p><span style=\"vertical-align: inherit;\"><span style=\"vertical-align: inherit;\">Bak\u0131m\u0131 kolayd\u0131r.<\/span><\/span><\/p><\/li><li><p><span style=\"vertical-align: inherit;\"><span style=\"vertical-align: inherit;\">Do\u011fal patina olu\u015fturmaz.<\/span><\/span><\/p><\/li><\/ul><\/li><li><p><strong><span style=\"vertical-align: inherit;\"><span style=\"vertical-align: inherit;\">Yap\u0131\u015ft\u0131r\u0131lm\u0131\u015f Deri:<\/span><\/span><\/strong><\/p><ul><li><p><span style=\"vertical-align: inherit;\"><span style=\"vertical-align: inherit;\">Art\u0131k deri par\u00e7alar\u0131ndan yap\u0131lm\u0131\u015ft\u0131r.<\/span><\/span><\/p><\/li><li><p><span style=\"vertical-align: inherit;\"><span style=\"vertical-align: inherit;\">B\u00fct\u00e7e dostu.<\/span><\/span><\/p><\/li><li><p><span style=\"vertical-align: inherit;\"><span style=\"vertical-align: inherit;\">Ger\u00e7ek deriye g\u00f6re daha az dayan\u0131kl\u0131d\u0131r.<\/span><\/span><\/p><\/li><\/ul><\/li><\/ol><h3><span style=\"vertical-align: inherit;\"><span style=\"vertical-align: inherit;\">Trend Kanepe Tasar\u0131m Malzemeleri<\/span><\/span><\/h3><ul><li><p><strong><span style=\"vertical-align: inherit;\"><span style=\"vertical-align: inherit;\">Performans Kuma\u015flar\u0131:<\/span><\/span><\/strong><\/p><ul><li><p><span style=\"vertical-align: inherit;\"><span style=\"vertical-align: inherit;\">2024 kanepe tasar\u0131m trendlerine olan talep art\u0131yor.<\/span><\/span><\/p><\/li><li><p><span style=\"vertical-align: inherit;\"><span style=\"vertical-align: inherit;\">Leke tutmaz ve kolay temizlenir.<\/span><\/span><\/p><\/li><li><p><span style=\"vertical-align: inherit;\"><span style=\"vertical-align: inherit;\">Evcil hayvan sahipleri ve aileler i\u00e7in idealdir.<\/span><\/span><\/p><\/li><\/ul><\/li><li><p><strong><span style=\"vertical-align: inherit;\"><span style=\"vertical-align: inherit;\">S\u00fcrd\u00fcr\u00fclebilir Kaynakl\u0131 Malzemeler:<\/span><\/span><\/strong><\/p><ul><li><p><span style=\"vertical-align: inherit;\"><span style=\"vertical-align: inherit;\">\u00c7evre dostu se\u00e7enekler.<\/span><\/span><\/p><\/li><li><p><span style=\"vertical-align: inherit;\"><span style=\"vertical-align: inherit;\">\u00c7evreye duyarl\u0131 t\u00fcketiciler aras\u0131nda h\u0131zla pop\u00fclerlik kazan\u0131yor.<\/span><\/span><\/p><\/li><li><p><span style=\"vertical-align: inherit;\"><span style=\"vertical-align: inherit;\">\u00d6rnekler: Geri d\u00f6n\u00fc\u015ft\u00fcr\u00fclm\u00fc\u015f polyester, organik pamuk.<\/span><\/span><\/p><\/li><\/ul><\/li><\/ul><h3><span style=\"vertical-align: inherit;\"><span style=\"vertical-align: inherit;\">D\u00f6\u015feme Desenleri ve Dokular\u0131<\/span><\/span><\/h3><ol><li><p><strong><span style=\"vertical-align: inherit;\"><span style=\"vertical-align: inherit;\">D\u00fcz Renkler: <\/span><\/span><\/strong><em><span style=\"vertical-align: inherit;\"><span style=\"vertical-align: inherit;\">Zarif ve \u00e7ok y\u00f6nl\u00fc.<\/span><\/span><\/em><\/p><ul><li><p><span style=\"vertical-align: inherit;\"><span style=\"vertical-align: inherit;\">Temiz ve minimalist bir g\u00f6r\u00fcn\u00fcm sa\u011flar.<\/span><\/span><\/p><\/li><li><p><span style=\"vertical-align: inherit;\"><span style=\"vertical-align: inherit;\">Di\u011fer dekorasyon \u00f6\u011feleriyle kolayca kar\u0131\u015ft\u0131r\u0131l\u0131p e\u015fle\u015ftirilebilir.<\/span><\/span><\/p><\/li><\/ul><\/li><li><p><strong><span style=\"vertical-align: inherit;\"><span style=\"vertical-align: inherit;\">Desenler:<\/span><\/span><\/strong><\/p><ul><li><p><span style=\"vertical-align: inherit;\"><span style=\"vertical-align: inherit;\">G\u00f6rsel ilgi ve ki\u015filik katar.<\/span><\/span><\/p><\/li><li><p><span style=\"vertical-align: inherit;\"><span style=\"vertical-align: inherit;\">Alan\u0131 bo\u011fmamak i\u00e7in az miktarda kullan\u0131n.<\/span><\/span><\/p><\/li><li><p><span style=\"vertical-align: inherit;\"><span style=\"vertical-align: inherit;\">Pop\u00fcler desenler: Geometrik, \u00e7i\u00e7ekli ve \u00e7izgili.<\/span><\/span><\/p><\/li><\/ul><\/li><li><p><strong><span style=\"vertical-align: inherit;\"><span style=\"vertical-align: inherit;\">Dokular:<\/span><\/span><\/strong><\/p><ul><li><p><span style=\"vertical-align: inherit;\"><span style=\"vertical-align: inherit;\">Kanepe tak\u0131m\u0131n\u0131n dokunsal \u00e7ekicili\u011fini art\u0131r\u0131n.<\/span><\/span><\/p><\/li><li><p><span style=\"vertical-align: inherit;\"><span style=\"vertical-align: inherit;\">Farkl\u0131 dokular\u0131 bir araya getirerek \u015f\u0131k bir oturma odas\u0131 i\u00e7in ev dekorasyonunuzun temel unsurlar\u0131n\u0131 \u00f6ne \u00e7\u0131karabilirsiniz.<\/span><\/span><\/p><\/li><li><p><span style=\"vertical-align: inherit;\"><span style=\"vertical-align: inherit;\">\u00d6rnekler: T\u00fcvit, Buklet ve \u015e\u00f6nil.<\/span><\/span><\/p><\/li><\/ul><\/li><\/ol><h3><span style=\"vertical-align: inherit;\"><span style=\"vertical-align: inherit;\">Mobilya Stillerini Kar\u0131\u015ft\u0131rmak<\/span><\/span><\/h3><p><span style=\"vertical-align: inherit;\"><span style=\"vertical-align: inherit;\">Modern bir oturma odas\u0131, mobilya stillerini kar\u0131\u015ft\u0131rmaktan faydalanabilir. Farkl\u0131 malzemeler ve d\u00f6\u015femeleri birle\u015ftirmek, uyumlu ancak \u00e7e\u015fitli bir g\u00f6r\u00fcn\u00fcm yaratabilir. Cesur bir kuma\u015ftan yap\u0131lm\u0131\u015f k\u00f6\u015fe kanepe, deri koltuklarla birlikte ev dekorunuzu kusursuz bir \u015fekilde y\u00fckseltebilir. \u015e\u0131k bir oturma odas\u0131 i\u00e7in temel unsurlar, dengeli ve \u015f\u0131k bir ev ortam\u0131 sa\u011flamak i\u00e7in \u00e7e\u015fitli doku ve desenlerin bir kombinasyonunu i\u00e7erir.<\/span><\/span><\/p><p><span style=\"vertical-align: inherit;\"><span style=\"vertical-align: inherit;\">Sonu\u00e7 olarak, m\u00fckemmel bir kanepe i\u00e7in do\u011fru malzemeler ve d\u00f6\u015feme se\u00e7imleri olmazsa olmazd\u0131r. Davetkar ve modern bir oturma odas\u0131 alan\u0131 yaratmak i\u00e7in pratikli\u011fi, konforu ve stili g\u00f6z \u00f6n\u00fcnde bulundurun. Dekor ihtiya\u00e7lar\u0131n\u0131za m\u00fckemmel \u015fekilde uyan estetik ve i\u015flevsel de\u011ferlerin bir kar\u0131\u015f\u0131m\u0131n\u0131 bulmak i\u00e7in kombinasyonlar\u0131 ke\u015ffedin. Daha fazla i\u00e7g\u00f6r\u00fc ve fikir i\u00e7in modern kanepeler hakk\u0131ndaki profesyonel bloglara bak\u0131n.<\/span><\/span><\/p><h2><span style=\"vertical-align: inherit;\"><span style=\"vertical-align: inherit;\">Renk ve Desen Hususlar\u0131<\/span><\/span><\/h2><p><a class=\"link\" href=\"https:\/\/stileuropa.com\/product-category\/living-room\/sofa-couch\/\" target=\"_blank\" rel=\"noopener noreferrer nofollow\"><span style=\"vertical-align: inherit;\"><span style=\"vertical-align: inherit;\">Oturma odan\u0131z\u0131 d\u00f6n\u00fc\u015ft\u00fcrmek i\u00e7in kanepe koltu\u011funuz<\/span><\/span><\/a><span style=\"vertical-align: inherit;\"><span style=\"vertical-align: inherit;\"> i\u00e7in do\u011fru renk ve deseni se\u00e7mek <\/span><span style=\"vertical-align: inherit;\">\u00f6nemlidir. Modern bir makyaj i\u00e7in l\u00fcks kanepeler, alan\u0131n\u0131z\u0131n ihtiya\u00e7 duydu\u011fu \u015f\u0131k kenar\u0131 sa\u011flarken ayn\u0131 zamanda genel dekorunuza kusursuz bir \u015fekilde uyum sa\u011flayabilir.<\/span><\/span><\/p><h3><span style=\"vertical-align: inherit;\"><span style=\"vertical-align: inherit;\">Renk \u015eemalar\u0131<\/span><\/span><\/h3><ol><li><p><strong>Neutral Shades<\/strong>: Neutrals like beige, gray, and white are timeless. These colors are versatile and harmonize with various decor styles.<\/p><\/li><li><p><strong>Bold and Vibrant<\/strong>: Opt for bold hues like teal, mustard, or rich emerald if you wish to make the sofa the room&#8217;s focal point.<\/p><\/li><li><p><strong>Pastel Tones<\/strong>: Perfect for creating a soft, tranquil ambiance. Pastel blues, pinks, and greens add a delicate touch of elegance.<\/p><\/li><\/ol><h3>Pattern Exploration<\/h3><p>When exploring patterns, consider the overall aesthetic of your room. Patterns can add a dynamic visual interest if used thoughtfully.<\/p><ul><li><p><strong>Floral Patterns<\/strong>: Ideal for a vintage or cottage-style living room.<\/p><\/li><li><p><strong>Geometric Designs<\/strong>: Suit modern and contemporary spaces excellently. They elevate your home decor key elements for a chic living room.<\/p><\/li><li><p><strong>Abstract Prints<\/strong>: These can work in both eclectic and minimalist setups, making the sofa a conversation piece.<\/p><\/li><\/ul><h3>Mixing Furniture Styles<\/h3><p>Mixing furniture styles allows for a more personalized and stylish home. One can combine different textures, such as:<\/p><ul><li><p><strong>Leather sofas with fabric cushions<\/strong>: Creates a sophisticated contrast.<\/p><\/li><li><p><strong>Different sofa designs<\/strong>: A corner sofa can pair well with mid-century modern chairs.<\/p><\/li><\/ul><h3>Trend Alignment<\/h3><p>Sofa design trends 2024 point towards more customization options and ergonomic considerations. Stylish home furniture must align with both comfort and aesthetics, ensuring that your chosen sofa set doesn&#8217;t just look good but also feels good.<\/p><figure data-type=\"blockquoteFigure\"><div><blockquote><p><strong>Experts suggest<\/strong>: When matching colors and patterns, maintain a balance. Too many patterns can overwhelm the space, while understated designs can enhance other room elements.<\/p><\/blockquote><\/div><\/figure><h3>Practical Insights<\/h3><ol><li><p><strong>Longevity<\/strong>: Darker colors and patterns hide wear and stains better, prolonging the sofa couch&#8217;s lifespan.<\/p><\/li><li><p><strong>Room Size Considerations<\/strong>: Light colors can make small rooms appear larger, while bold patterns can warm up expansive areas.<\/p><\/li><li><p><strong>Matching Accents<\/strong>: Coordinate your sofa with accents like throw pillows or rugs for a cohesive look.<\/p><\/li><\/ol><p>Selecting the perfect sofa set requires balancing trends, personal taste, and practical aspects. Adhering to these considerations ensures the choices made will lead to a stylish, cohesive, and comfortable living environment.<\/p><h2>Comfort and Functionality<\/h2><p>Finding the perfect balance between comfort and functionality is crucial when selecting a modern <a class=\"link\" href=\"https:\/\/stileuropa.com\/product-category\/living-room\/sofa-couch\/\" target=\"_blank\" rel=\"noopener noreferrer nofollow\">sofa couch<\/a>. Consider the following essential aspects to ensure an optimal choice that can transform your living room with luxe sofas for a modern makeover:<\/p><h3>Key Considerations<\/h3><ol><li><p><strong>Seating Comfort<\/strong>:<\/p><ul><li><p><strong>Cushion Firmness<\/strong>: A combination of soft seat cushions with sturdy support is ideal for comfort. Test various firmness levels before making a decision.<\/p><\/li><li><p><strong><span style=\"vertical-align: inherit;\"><span style=\"vertical-align: inherit;\">S\u0131rt Tasar\u0131m\u0131<\/span><\/span><\/strong><span style=\"vertical-align: inherit;\"><span style=\"vertical-align: inherit;\"> : Y\u00fcksek s\u0131rtl\u0131klar destek ve konfor sunarken, al\u00e7ak s\u0131rtl\u0131klar \u015f\u0131k ve zarif bir g\u00f6r\u00fcn\u00fcme katk\u0131da bulunur.<\/span><\/span><\/p><\/li><\/ul><\/li><li><p><strong><span style=\"vertical-align: inherit;\"><span style=\"vertical-align: inherit;\">Alan Kullan\u0131m\u0131<\/span><\/span><\/strong><span style=\"vertical-align: inherit;\"><span style=\"vertical-align: inherit;\"> :<\/span><\/span><\/p><ul><li><p><strong><span style=\"vertical-align: inherit;\"><span style=\"vertical-align: inherit;\">K\u00f6\u015fe Koltuklar<\/span><\/span><\/strong><span style=\"vertical-align: inherit;\"><span style=\"vertical-align: inherit;\"> : K\u00fc\u00e7\u00fck oturma odalar\u0131nda alan\u0131 en iyi \u015fekilde de\u011ferlendirip, rahat ve samimi bir oturma alan\u0131 yaratmak i\u00e7in idealdir.<\/span><\/span><\/p><\/li><li><p><strong><span style=\"vertical-align: inherit;\"><span style=\"vertical-align: inherit;\">Mod\u00fcler Kanepeler<\/span><\/span><\/strong><span style=\"vertical-align: inherit;\"><span style=\"vertical-align: inherit;\"> : D\u00fczenlemede esneklik sa\u011flayarak her t\u00fcrl\u00fc mekan ve duruma uyum sa\u011flar.<\/span><\/span><\/p><\/li><\/ul><\/li><li><p><strong><span style=\"vertical-align: inherit;\"><span style=\"vertical-align: inherit;\">\u0130\u015flevsel \u00d6zellikler<\/span><\/span><\/strong><span style=\"vertical-align: inherit;\"><span style=\"vertical-align: inherit;\"> :<\/span><\/span><\/p><ul><li><p><strong><span style=\"vertical-align: inherit;\"><span style=\"vertical-align: inherit;\">Depolama \u00c7\u00f6z\u00fcmleri<\/span><\/span><\/strong><span style=\"vertical-align: inherit;\"><span style=\"vertical-align: inherit;\"> : Baz\u0131 kanepe tak\u0131mlar\u0131 entegre depolama alan\u0131yla birlikte gelir ve ya\u015fam alanlar\u0131n\u0131 d\u00fczenli tutmak i\u00e7in pratik bir \u00e7\u00f6z\u00fcm sunar.<\/span><\/span><\/p><\/li><li><p><strong><span style=\"vertical-align: inherit;\"><span style=\"vertical-align: inherit;\">Yat\u0131rma Se\u00e7enekleri<\/span><\/span><\/strong><span style=\"vertical-align: inherit;\"><span style=\"vertical-align: inherit;\"> : Yatar koltuklar, \u00f6zellikle uzan\u0131p dinlenmeyi sevenler i\u00e7in ekstra bir konfor katman\u0131 sa\u011flar.<\/span><\/span><\/p><\/li><li><p><strong><span style=\"vertical-align: inherit;\"><span style=\"vertical-align: inherit;\">Yatakl\u0131 Kanepeler<\/span><\/span><\/strong><span style=\"vertical-align: inherit;\"><span style=\"vertical-align: inherit;\"> : D\u00f6n\u00fc\u015ft\u00fcr\u00fclebilir kanepeler iki amaca hizmet edebilir, gece kalan misafirleri a\u011f\u0131rlamak i\u00e7in idealdir.<\/span><\/span><\/p><\/li><\/ul><\/li><\/ol><h3><span style=\"vertical-align: inherit;\"><span style=\"vertical-align: inherit;\">Malzeme ve Dayan\u0131kl\u0131l\u0131k<\/span><\/span><\/h3><p><span style=\"vertical-align: inherit;\"><span style=\"vertical-align: inherit;\">\u015e\u0131k ev mobilyalar\u0131n\u0131n uzun \u00f6m\u00fcrl\u00fc ve bak\u0131m\u0131 kolay olmas\u0131n\u0131 sa\u011flamak i\u00e7in do\u011fru malzemeleri se\u00e7mek \u00e7ok \u00f6nemlidir:<\/span><\/span><\/p><ul><li><p><strong><span style=\"vertical-align: inherit;\"><span style=\"vertical-align: inherit;\">D\u00f6\u015feme Se\u00e7enekleri<\/span><\/span><\/strong><span style=\"vertical-align: inherit;\"><span style=\"vertical-align: inherit;\"> :<\/span><\/span><\/p><ul><li><p><strong><span style=\"vertical-align: inherit;\"><span style=\"vertical-align: inherit;\">Deri<\/span><\/span><\/strong><span style=\"vertical-align: inherit;\"><span style=\"vertical-align: inherit;\"> : L\u00fcks bir his sunar ve temizlenmesi kolayd\u0131r, ancak de\u011fi\u015fen s\u0131cakl\u0131klarda daha az konforlu olabilir.<\/span><\/span><\/p><\/li><li><p><strong><span style=\"vertical-align: inherit;\"><span style=\"vertical-align: inherit;\">Kuma\u015f<\/span><\/span><\/strong><span style=\"vertical-align: inherit;\"><span style=\"vertical-align: inherit;\"> : \u00c7e\u015fitli desen ve renklerde gelir, tasar\u0131m ve dokuda daha fazla \u00e7ok y\u00f6nl\u00fcl\u00fck sa\u011flar. Leke direnci ve temizleme kolayl\u0131\u011f\u0131 dikkate al\u0131nmas\u0131 \u00f6nemlidir.<\/span><\/span><\/p><\/li><\/ul><\/li><li><p><strong><span style=\"vertical-align: inherit;\"><span style=\"vertical-align: inherit;\">\u00c7er\u00e7eve Yap\u0131s\u0131<\/span><\/span><\/strong><span style=\"vertical-align: inherit;\"><span style=\"vertical-align: inherit;\"> :<\/span><\/span><\/p><ul><li><p><strong><span style=\"vertical-align: inherit;\"><span style=\"vertical-align: inherit;\">Ah\u015fap \u00c7er\u00e7eveler<\/span><\/span><\/strong><span style=\"vertical-align: inherit;\"><span style=\"vertical-align: inherit;\"> : Dayan\u0131kl\u0131l\u0131klar\u0131 ve klasik g\u00f6r\u00fcn\u00fcmleriyle bilinirler, ancak genellikle daha a\u011f\u0131rd\u0131rlar.<\/span><\/span><\/p><\/li><li><p><strong><span style=\"vertical-align: inherit;\"><span style=\"vertical-align: inherit;\">Metal \u00c7er\u00e7eveler<\/span><\/span><\/strong><span style=\"vertical-align: inherit;\"><span style=\"vertical-align: inherit;\"> : Modern bir estetik sa\u011flar ve genellikle daha hafiftir, bu nedenle daha kolay yeniden d\u00fczenleme olana\u011f\u0131 sa\u011flar.<\/span><\/span><\/p><\/li><\/ul><\/li><\/ul><h3><span style=\"vertical-align: inherit;\"><span style=\"vertical-align: inherit;\">Tasar\u0131m ve Stil<\/span><\/span><\/h3><p><span style=\"vertical-align: inherit;\"><span style=\"vertical-align: inherit;\">\u00c7a\u011fda\u015f kanepe tasar\u0131m trendlerini 2024 konfor odakl\u0131 \u00f6zelliklerle birle\u015ftirmek, kanepe tak\u0131m\u0131n\u0131z\u0131n sadece \u015f\u0131k bir ev mobilyas\u0131 temsil etmesini de\u011fil, ayn\u0131 zamanda genel esteti\u011fi de art\u0131rmas\u0131n\u0131 sa\u011flar:<\/span><\/span><\/p><ul><li><p><strong><span style=\"vertical-align: inherit;\"><span style=\"vertical-align: inherit;\">Mobilya Stillerini Kar\u0131\u015ft\u0131r\u0131n<\/span><\/span><\/strong><span style=\"vertical-align: inherit;\"><span style=\"vertical-align: inherit;\"> : Dinamik bir oturma odas\u0131 d\u00fczeni i\u00e7in orta y\u00fczy\u0131l modern ile \u0130skandinav gibi farkl\u0131 unsurlar\u0131 birle\u015ftirin.<\/span><\/span><\/p><\/li><li><p><strong><span style=\"vertical-align: inherit;\"><span style=\"vertical-align: inherit;\">Parlak ve N\u00f6tr Paletler<\/span><\/span><\/strong><span style=\"vertical-align: inherit;\"><span style=\"vertical-align: inherit;\"> : A\u00e7\u0131k renkler bir alan\u0131 ayd\u0131nlatabilir, daha b\u00fcy\u00fck ve daha davetkar hissettirebilir.<\/span><\/span><\/p><\/li><\/ul><p><span style=\"vertical-align: inherit;\"><span style=\"vertical-align: inherit;\">Bu bile\u015fenlere odaklanarak, \u015f\u0131k bir oturma odas\u0131 i\u00e7in temel unsurlarla ev dekorasyonunuzu y\u00fckseltebilir, konforu ve i\u015flevselli\u011fi kusursuz bir \u015fekilde birle\u015ftirebilirsiniz.<\/span><\/span><\/p><h2><span style=\"vertical-align: inherit;\"><span style=\"vertical-align: inherit;\">Kanepe Yap\u0131s\u0131 ve Dayan\u0131kl\u0131l\u0131\u011f\u0131n\u0131n De\u011ferlendirilmesi<\/span><\/span><\/h2><p><a class=\"link\" href=\"https:\/\/stileuropa.com\/product-category\/living-room\/sofa-couch\/\" target=\"_blank\" rel=\"noopener noreferrer nofollow\"><span style=\"vertical-align: inherit;\"><span style=\"vertical-align: inherit;\">\u0130deal kanepe kanepeyi<\/span><\/span><\/a><span style=\"vertical-align: inherit;\"><span style=\"vertical-align: inherit;\"> se\u00e7erken <\/span><span style=\"vertical-align: inherit;\">, yap\u0131s\u0131n\u0131 anlamak ve dayan\u0131kl\u0131l\u0131\u011f\u0131n\u0131 \u00f6l\u00e7mek \u00e7ok \u00f6nemlidir. Bu b\u00f6l\u00fcm, oturma odan\u0131z\u0131n l\u00fcks kanepelerini modern bir g\u00f6r\u00fcn\u00fcme d\u00f6n\u00fc\u015ft\u00fcrmenize yard\u0131mc\u0131 olacak temel unsurlara de\u011finecektir. Kanepe tak\u0131m\u0131ndan k\u00f6\u015fe kanepe \u00e7e\u015fitlerine kadar say\u0131s\u0131z se\u00e7enekle, bu \u015f\u0131k ev mobilyas\u0131 par\u00e7alar\u0131n\u0131n uzun \u00f6m\u00fcrl\u00fc olmas\u0131n\u0131 sa\u011flamak olmazsa olmaz hale gelir.<\/span><\/span><\/p><h3><span style=\"vertical-align: inherit;\"><span style=\"vertical-align: inherit;\">De\u011ferlendirilecek Temel Unsurlar<\/span><\/span><\/h3><ol><li><p><strong><span style=\"vertical-align: inherit;\"><span style=\"vertical-align: inherit;\">\u00c7er\u00e7eve Malzemesi<\/span><\/span><\/strong><\/p><ul><li><p><span style=\"vertical-align: inherit;\"><span style=\"vertical-align: inherit;\">F\u0131r\u0131nda kurutulmu\u015f sert a\u011fa\u00e7tan yap\u0131lm\u0131\u015f bir \u00e7er\u00e7eve tercih edin. Bu malzeme, yumu\u015fak a\u011fa\u00e7 veya i\u015flenmi\u015f ah\u015faba k\u0131yasla \u00fcst\u00fcn dayan\u0131kl\u0131l\u0131k sa\u011flar.<\/span><\/span><\/p><\/li><li><p><span style=\"vertical-align: inherit;\"><span style=\"vertical-align: inherit;\">Yonga levha veya plastikten yap\u0131lm\u0131\u015f \u00e7er\u00e7evelerden ka\u00e7\u0131n\u0131n; \u00e7\u00fcnk\u00fc bu malzemeler daha az dayan\u0131kl\u0131d\u0131r ve \u00e7atlamaya e\u011filimlidir.<\/span><\/span><\/p><\/li><\/ul><\/li><li><p><strong><span style=\"vertical-align: inherit;\"><span style=\"vertical-align: inherit;\">Marangozluk Teknikleri<\/span><\/span><\/strong><\/p><ul><li><p><span style=\"vertical-align: inherit;\"><span style=\"vertical-align: inherit;\">K\u00f6\u015fe birle\u015ftirme ve \u00e7ift d\u00fcbel ba\u011flant\u0131lar\u0131 sa\u011flam bir koltuk tak\u0131m\u0131n\u0131n i\u015faretidir.<\/span><\/span><\/p><\/li><li><p><span style=\"vertical-align: inherit;\"><span style=\"vertical-align: inherit;\">Sadece tutkal kullanmak yerine, k\u00f6\u015fe bloklar\u0131 ve a\u011f\u0131r hizmet tipi z\u0131mba veya vidalarla ek yerlerinin g\u00fc\u00e7lendirilmesine dikkat edin.<\/span><\/span><\/p><\/li><\/ul><\/li><li><p><strong><span style=\"vertical-align: inherit;\"><span style=\"vertical-align: inherit;\">Yaylar ve S\u00fcspansiyonlar<\/span><\/span><\/strong><\/p><ul><li><p><span style=\"vertical-align: inherit;\"><span style=\"vertical-align: inherit;\">Yay sistemini inceleyin: Sekiz y\u00f6nl\u00fc elle ba\u011flanm\u0131\u015f yaylar m\u00fckemmel destek ve konfor sunar.<\/span><\/span><\/p><\/li><li><p><span style=\"vertical-align: inherit;\"><span style=\"vertical-align: inherit;\">Daha modern tasar\u0131mlarda k\u0131vr\u0131ml\u0131 S \u015feklinde yaylar veya web s\u00fcspansiyon olup olmad\u0131\u011f\u0131n\u0131 kontrol edin, \u00e7ok yumu\u015fak veya sert olmad\u0131klar\u0131ndan emin olun.<\/span><\/span><\/p><\/li><\/ul><\/li><li><p><strong><span style=\"vertical-align: inherit;\"><span style=\"vertical-align: inherit;\">Yast\u0131k Dolgular\u0131<\/span><\/span><\/strong><\/p><ul><li><p><span style=\"vertical-align: inherit;\"><span style=\"vertical-align: inherit;\">Y\u00fcksek yo\u011funluklu k\u00f6p\u00fck, haf\u0131zal\u0131 k\u00f6p\u00fck ve a\u015fa\u011f\u0131 dolgular aras\u0131ndaki fark\u0131 ay\u0131rt edin. Y\u00fcksek yo\u011funluklu k\u00f6p\u00fck sa\u011flam destek ve uzun \u00f6m\u00fcr sunar.<\/span><\/span><\/p><\/li><li><p><span style=\"vertical-align: inherit;\"><span style=\"vertical-align: inherit;\">T\u00fcy ve ku\u015f t\u00fcy\u00fc dolgular l\u00fcks ve yumu\u015fak bir his sa\u011flar ancak d\u00fczenli olarak kabart\u0131lmas\u0131 ve bak\u0131m yap\u0131lmas\u0131 gerekir.<\/span><\/span><\/p><\/li><\/ul><\/li><li><p><strong><span style=\"vertical-align: inherit;\"><span style=\"vertical-align: inherit;\">D\u00f6\u015femelik Kuma\u015f<\/span><\/span><\/strong><\/p><ul><li><p><span style=\"vertical-align: inherit;\"><span style=\"vertical-align: inherit;\">Mikrofiber, deri veya y\u00fcksek kaliteli sentetik kar\u0131\u015f\u0131mlar gibi dayan\u0131kl\u0131 kuma\u015flar\u0131 tercih edin.<\/span><\/span><\/p><\/li><li><p><span style=\"vertical-align: inherit;\"><span style=\"vertical-align: inherit;\">Y\u00fcksek iplik say\u0131s\u0131na sahip kuma\u015flar daha dayan\u0131kl\u0131 ve leke tutmaz olma e\u011filimindedir.<\/span><\/span><\/p><\/li><\/ul><\/li><\/ol><h3><span style=\"vertical-align: inherit;\"><span style=\"vertical-align: inherit;\">Test Etmenin \u00d6nemi<\/span><\/span><\/h3><ul><li><p><strong><span style=\"vertical-align: inherit;\"><span style=\"vertical-align: inherit;\">A\u011f\u0131rl\u0131k Kapasitesi<\/span><\/span><\/strong><span style=\"vertical-align: inherit;\"><span style=\"vertical-align: inherit;\"> : \u015e\u0131k kanepelerin ev ihtiya\u00e7lar\u0131n\u0131z\u0131 kar\u015f\u0131layabilece\u011finden emin olmak i\u00e7in her zaman a\u011f\u0131rl\u0131k kapasitesini kontrol edin.<\/span><\/span><\/p><\/li><li><p><strong><span style=\"vertical-align: inherit;\"><span style=\"vertical-align: inherit;\">Konfor Testi<\/span><\/span><\/strong><span style=\"vertical-align: inherit;\"><span style=\"vertical-align: inherit;\"> : Oturun ve konfor seviyesini de\u011ferlendirin, aile \u00fcyelerinizin tercihlerine uygun oldu\u011fundan emin olun.<\/span><\/span><\/p><\/li><li><p><strong><span style=\"vertical-align: inherit;\"><span style=\"vertical-align: inherit;\">Sa\u011flaml\u0131k Kontrol\u00fc<\/span><\/span><\/strong><span style=\"vertical-align: inherit;\"><span style=\"vertical-align: inherit;\"> : Kanepenin sallanmamas\u0131 veya g\u0131c\u0131rdamamas\u0131 sa\u011flam bir yap\u0131ya sahip oldu\u011funun g\u00f6stergesidir.<\/span><\/span><\/p><\/li><\/ul><h3><span style=\"vertical-align: inherit;\"><span style=\"vertical-align: inherit;\">En Son Kanepe Tasar\u0131m Trendleri 2024<\/span><\/span><\/h3><ul><li><p><span style=\"vertical-align: inherit;\"><span style=\"vertical-align: inherit;\">Mod\u00fclerli\u011fi ve esnekli\u011fi bir araya getiren k\u00f6\u015fe koltuk tasar\u0131mlar\u0131n\u0131 benimseyin.<\/span><\/span><\/p><\/li><li><p><span style=\"vertical-align: inherit;\"><span style=\"vertical-align: inherit;\">\u015e\u0131k bir oturma odas\u0131 i\u00e7in ev dekorunuzun temel unsurlar\u0131n\u0131 \u00f6ne \u00e7\u0131karacak renk trendlerine, kuma\u015flara ve mobilya stillerini kar\u0131\u015ft\u0131rmaya dikkat edin.<\/span><\/span><\/p><\/li><\/ul><h3><span style=\"vertical-align: inherit;\"><span style=\"vertical-align: inherit;\">Bak\u0131m Hususlar\u0131<\/span><\/span><\/h3><ul><li><p><strong><span style=\"vertical-align: inherit;\"><span style=\"vertical-align: inherit;\">Temizlik<\/span><\/span><\/strong><span style=\"vertical-align: inherit;\"><span style=\"vertical-align: inherit;\"> : Kuma\u015f veya deriyi korumak i\u00e7in bak\u0131m talimatlar\u0131na uyun.<\/span><\/span><\/p><\/li><li><p><strong><span style=\"vertical-align: inherit;\"><span style=\"vertical-align: inherit;\">A\u015f\u0131nma ve Y\u0131pranma<\/span><\/span><\/strong><span style=\"vertical-align: inherit;\"><span style=\"vertical-align: inherit;\"> : Kanepenin kullan\u0131m \u00f6mr\u00fcn\u00fc uzatmak i\u00e7in, d\u00fczenli olarak a\u015f\u0131nma veya hasar belirtilerini kontrol edin ve derhal m\u00fcdahale edin.<\/span><\/span><\/p><\/li><\/ul><p><span style=\"vertical-align: inherit;\"><span style=\"vertical-align: inherit;\">Bu unsurlar\u0131 birle\u015ftirmek m\u00fckemmel kanepe tak\u0131mlar\u0131n\u0131 se\u00e7menize yard\u0131mc\u0131 olabilir. Daha i\u00e7g\u00f6r\u00fcl\u00fc rehberler i\u00e7in \u015f\u0131k ev mobilyas\u0131 \u00e7\u00f6z\u00fcmlerine adanm\u0131\u015f blogumuzu takip edin.<\/span><\/span><\/p><h2><span style=\"vertical-align: inherit;\"><span style=\"vertical-align: inherit;\">Y\u00fcksek Kaliteli Bir Kanepe \u0130\u00e7in B\u00fct\u00e7eleme<\/span><\/span><\/h2><p><span style=\"vertical-align: inherit;\"><span style=\"vertical-align: inherit;\">Oturma odan\u0131z\u0131 modern bir g\u00f6r\u00fcn\u00fcme kavu\u015fturmak i\u00e7in l\u00fcks kanepelerle d\u00f6n\u00fc\u015ft\u00fcrmeyi d\u00fc\u015f\u00fcnd\u00fc\u011f\u00fcn\u00fczde ger\u00e7ek\u00e7i bir b\u00fct\u00e7e belirlemek \u00e7ok \u00f6nemlidir. Y\u00fcksek kaliteli bir <\/span><\/span><a class=\"link\" href=\"https:\/\/stileuropa.com\/product-category\/living-room\/sofa-set\/\" target=\"_blank\" rel=\"noopener noreferrer nofollow\"><span style=\"vertical-align: inherit;\"><span style=\"vertical-align: inherit;\">kanepe tak\u0131m\u0131na<\/span><\/span><\/a><span style=\"vertical-align: inherit;\"><span style=\"vertical-align: inherit;\"> yat\u0131r\u0131m yapmak , ev dekorunuzu y\u00fckseltebilir ve uzun \u00f6m\u00fcrl\u00fcl\u00fck, konfor ve stil sa\u011flayabilir. \u015e\u0131k bir ev mobilyas\u0131 par\u00e7as\u0131 i\u00e7in b\u00fct\u00e7e olu\u015ftururken dikkate al\u0131nmas\u0131 gereken temel unsurlar \u015funlard\u0131r:<\/span><\/span><\/p><ul><li><p><strong><span style=\"vertical-align: inherit;\"><span style=\"vertical-align: inherit;\">Finansal K\u0131s\u0131tlamalar\u0131 De\u011ferlendirin<\/span><\/span><\/strong><span style=\"vertical-align: inherit;\"><span style=\"vertical-align: inherit;\"> : Di\u011fer temel ya\u015fam giderlerinden \u00f6d\u00fcn vermeden kanepeye ne kadar rahat\u00e7a tahsis edilebilece\u011fini belirleyin. Unutmay\u0131n, y\u00fcksek kaliteli bir k\u00f6\u015fe kanepe veya m\u00fckemmel kanepe tak\u0131mlar\u0131 \u00f6nemli bir harcama gerektirebilir.<\/span><\/span><\/p><\/li><li><p><strong><span style=\"vertical-align: inherit;\"><span style=\"vertical-align: inherit;\">Fiyatland\u0131rma Ara\u015ft\u0131rmas\u0131<\/span><\/span><\/strong><span style=\"vertical-align: inherit;\"><span style=\"vertical-align: inherit;\"> : 2024 kanepe tasar\u0131m trendlerine dal\u0131n ve pop\u00fcler modellerin ortalama fiyatlar\u0131na bak\u0131n. Belirli stillerin ve \u00f6zelliklerin ne kadara mal olaca\u011f\u0131na dair bir fikir edinmek i\u00e7in markalar\u0131 ve modelleri kar\u015f\u0131la\u015ft\u0131r\u0131n.<\/span><\/span><\/p><\/li><li><p><strong><span style=\"vertical-align: inherit;\"><span style=\"vertical-align: inherit;\">\u00d6zelliklere \u00d6ncelik Verin<\/span><\/span><\/strong><span style=\"vertical-align: inherit;\"><span style=\"vertical-align: inherit;\"> : Hangi \u00f6zelliklerin pazarl\u0131k konusu olmad\u0131\u011f\u0131n\u0131 belirleyin. Baz\u0131lar\u0131 i\u00e7in kuma\u015f\u0131n dayan\u0131kl\u0131l\u0131\u011f\u0131 olabilirken, di\u011ferleri i\u00e7in mod\u00fcler tasar\u0131mlar veya k\u00f6\u015fe koltuk i\u015flevselli\u011fi \u00f6nemlidir. Bu, b\u00fct\u00e7e dahilinde kalmak ve gerekli \u00f6zellikleri edinmek aras\u0131nda denge kurmaya yard\u0131mc\u0131 olur.<\/span><\/span><\/p><\/li><li><p><strong><span style=\"vertical-align: inherit;\"><span style=\"vertical-align: inherit;\">Uzun Vadeli De\u011feri G\u00f6z \u00d6n\u00fcnde Bulundurun<\/span><\/span><\/strong><span style=\"vertical-align: inherit;\"><span style=\"vertical-align: inherit;\"> : Farkl\u0131 kanepe tak\u0131mlar\u0131n\u0131n uzun vadeli faydalar\u0131n\u0131 de\u011ferlendirin. Bazen, kaliteli bir par\u00e7aya ba\u015flang\u0131\u00e7ta biraz daha fazla harcama yapmak, gelecekte de\u011fi\u015ftirme ve onar\u0131mlarda para tasarrufu sa\u011flayabilir. Modern tasar\u0131mlar genellikle stilin yan\u0131 s\u0131ra dayan\u0131kl\u0131l\u0131k da vaat eder.<\/span><\/span><\/p><\/li><li><p><strong><span style=\"vertical-align: inherit;\"><span style=\"vertical-align: inherit;\">F\u0131rsatlar\u0131 Aray\u0131n<\/span><\/span><\/strong><span style=\"vertical-align: inherit;\"><span style=\"vertical-align: inherit;\"> : \u00c7e\u015fitli platformlarda mevcut sat\u0131\u015flar\u0131 ve indirimleri takip edin. Ev dekorasyonu bloglar\u0131 genellikle yakla\u015fan sat\u0131\u015f etkinlikleri ve l\u00fcks kanepe tasar\u0131mlar\u0131n\u0131 daha uygun fiyatl\u0131 hale getirebilecek \u00f6zel promosyonlar hakk\u0131nda de\u011ferli bilgiler sa\u011flar.<\/span><\/span><\/p><\/li><li><p><strong><span style=\"vertical-align: inherit;\"><span style=\"vertical-align: inherit;\">\u0130ste\u011fe Ba\u011fl\u0131 Ekstralar<\/span><\/span><\/strong><span style=\"vertical-align: inherit;\"><span style=\"vertical-align: inherit;\"> : Teslimat \u00fccretleri, montaj hizmetleri ve bak\u0131m \u00fcr\u00fcnleri gibi ek maliyetleri d\u00fc\u015f\u00fcn\u00fcn. Bunlar h\u0131zla artabilir ve genel b\u00fct\u00e7eyi etkileyebilir, bu y\u00fczden bunlar\u0131 en ba\u015ftan hesaba kat\u0131n.<\/span><\/span><\/p><\/li><\/ul><p><span style=\"vertical-align: inherit;\"><span style=\"vertical-align: inherit;\">Uygun \u015fekilde b\u00fct\u00e7eleme ve dikkatli bir \u015fekilde finans planlamas\u0131, se\u00e7ilen kanepenin sadece estetik olarak odaya uymas\u0131n\u0131 de\u011fil ayn\u0131 zamanda finansal ufukla da uyumlu olmas\u0131n\u0131 sa\u011flar. D\u00fc\u015f\u00fcnceli bir de\u011ferlendirme ve stratejik al\u0131\u015fveri\u015fle, bankay\u0131 k\u0131rmadan mobilya stillerini kar\u0131\u015ft\u0131rmak m\u00fcmk\u00fcnd\u00fcr.<\/span><\/span><\/p><figure data-type=\"blockquoteFigure\"><div><blockquote><p><span style=\"vertical-align: inherit;\"><span style=\"vertical-align: inherit;\">\u015e\u0131k bir oturma odas\u0131n\u0131 yenileyen veya sadece \u015f\u0131k ev mobilyalar\u0131 arayan ev sahipleri i\u00e7in kapsaml\u0131 bir ara\u015ft\u0131rma yapmak ve ak\u0131ll\u0131ca b\u00fct\u00e7e ay\u0131rmak kritik \u00f6neme sahiptir. En son kanepe tasar\u0131m trendlerini takip etmek ve uygun \u015fekilde fon sa\u011flamak, zarif ancak uygun fiyatl\u0131 bir d\u00f6n\u00fc\u015f\u00fcm\u00fc garanti edecektir.<\/span><\/span><\/p><\/blockquote><\/div><\/figure><h2><span style=\"vertical-align: inherit;\"><span style=\"vertical-align: inherit;\">K\u00fc\u00e7\u00fck Alanlar \u0130\u00e7in Kanepeler<\/span><\/span><\/h2><p><a class=\"link\" href=\"https:\/\/stileuropa.com\/product-category\/living-room\/sofa-couch\/\" target=\"_blank\" rel=\"noopener noreferrer nofollow\"><span style=\"vertical-align: inherit;\"><span style=\"vertical-align: inherit;\">Kompakt bir oturma odas\u0131 i\u00e7in bir kanepe<\/span><\/span><\/a><span style=\"vertical-align: inherit;\"><span style=\"vertical-align: inherit;\"> se\u00e7erken <\/span><span style=\"vertical-align: inherit;\">, yerden tasarruf sa\u011flayan se\u00e7enekleri g\u00f6z \u00f6n\u00fcnde bulundurmak \u00f6nemlidir. \u0130yi se\u00e7ilmi\u015f bir kanepe tak\u0131m\u0131 oturma odan\u0131z\u0131 g\u00fczelce d\u00f6n\u00fc\u015ft\u00fcrebilir. Modern bir makyaj i\u00e7in l\u00fcks kanepeler \u015funlar\u0131 i\u00e7erir:<\/span><\/span><\/p><ul><li><p><strong><span style=\"vertical-align: inherit;\"><span style=\"vertical-align: inherit;\">Loveseat Kanepeler<\/span><\/span><\/strong><br \/><span style=\"vertical-align: inherit;\"><span style=\"vertical-align: inherit;\"> Rahat mekanlar i\u00e7in idealdir, iki ki\u015fiyi rahat\u00e7a oturturlar. Loveseat&#8217;ler \u00e7ok y\u00f6nl\u00fcd\u00fcr ve \u015f\u0131k ev mobilyalar\u0131yla her oday\u0131 destekleyebilir.<\/span><\/span><\/p><\/li><li><p><strong><span style=\"vertical-align: inherit;\"><span style=\"vertical-align: inherit;\">K\u00f6\u015fe Kanepeler<\/span><\/span><\/strong><br \/><span style=\"vertical-align: inherit;\"><span style=\"vertical-align: inherit;\"> Bir k\u00f6\u015fe kanepe, bir odan\u0131n k\u00f6\u015fesine s\u0131\u011farak alan\u0131 en \u00fcst d\u00fczeye \u00e7\u0131kar\u0131r. Bu par\u00e7a ev dekorunuzu y\u00fckseltebilir ve \u015f\u0131k bir oturma odas\u0131 i\u00e7in temel unsur g\u00f6revi g\u00f6rebilir. K\u00f6\u015fe kanepeler ayr\u0131ca a\u015f\u0131r\u0131 zemin alan\u0131 kaplamadan daha fazla oturma alan\u0131 sa\u011flar.<\/span><\/span><\/p><\/li><li><p><strong><span style=\"vertical-align: inherit;\"><span style=\"vertical-align: inherit;\">Yatakl\u0131 Kanepeler<\/span><\/span><\/strong><br \/><span style=\"vertical-align: inherit;\"><span style=\"vertical-align: inherit;\"> \u00c7ok i\u015flevli tasar\u0131mlar k\u00fc\u00e7\u00fck alanlar i\u00e7in m\u00fckemmeldir. Yatakl\u0131 kanepeler, g\u00fcn boyunca birincil oturma d\u00fczenlemesi olarak hizmet ederken misafirler i\u00e7in kullan\u0131\u015fl\u0131 bir yatak se\u00e7ene\u011fi sunar.<\/span><\/span><\/p><\/li><li><p><strong><span style=\"vertical-align: inherit;\"><span style=\"vertical-align: inherit;\">Mod\u00fcler Kanepeler<\/span><\/span><\/strong><br \/><span style=\"vertical-align: inherit;\"><span style=\"vertical-align: inherit;\"> Bunlar, alana uyacak \u015fekilde yeniden d\u00fczenlenebildi\u011fi i\u00e7in esneklik sa\u011flar. Mod\u00fcler kanepeler, kullan\u0131c\u0131lar\u0131n \u00f6zel bir oturma d\u00fczeni olu\u015fturmas\u0131na olanak tan\u0131yarak 2024 kanepe tasar\u0131m trendleriyle uyumludur.<\/span><\/span><\/p><\/li><\/ul><h3><span style=\"vertical-align: inherit;\"><span style=\"vertical-align: inherit;\">\u00d6nemli Hususlar<\/span><\/span><\/h3><ol><li><p><strong><span style=\"vertical-align: inherit;\"><span style=\"vertical-align: inherit;\">Boyutlar<\/span><\/span><\/strong><br \/><span style=\"vertical-align: inherit;\"><span style=\"vertical-align: inherit;\"> Kanepenin yerle\u015ftirilece\u011fi alan\u0131 \u00f6l\u00e7\u00fcn. Oday\u0131 bo\u011fmadan rahat\u00e7a s\u0131\u011fmal\u0131d\u0131r.<\/span><\/span><\/p><\/li><li><p><strong><span style=\"vertical-align: inherit;\"><span style=\"vertical-align: inherit;\">\u0130\u015flevsellik<\/span><\/span><\/strong><br \/><span style=\"vertical-align: inherit;\"><span style=\"vertical-align: inherit;\"> Alan\u0131n kullan\u0131m\u0131n\u0131 en \u00fcst d\u00fczeye \u00e7\u0131karmak i\u00e7in depolama alan\u0131 veya \u00e7ekyat gibi ekstra \u00f6zellikler sunan bir kanepe tercih edin.<\/span><\/span><\/p><\/li><li><p><strong><span style=\"vertical-align: inherit;\"><span style=\"vertical-align: inherit;\">Stil Uyumlulu\u011fu<\/span><\/span><\/strong><br \/><span style=\"vertical-align: inherit;\"><span style=\"vertical-align: inherit;\"> Kanepenin mevcut dekorunuza uydu\u011fundan emin olun. Mobilya stillerini kar\u0131\u015ft\u0131rmak karakter katabilir ancak dikkatli bir \u015fekilde yap\u0131lmal\u0131d\u0131r.<\/span><\/span><\/p><\/li><li><p><strong><span style=\"vertical-align: inherit;\"><span style=\"vertical-align: inherit;\">Renk ve Malzeme<\/span><\/span><\/strong><br \/><span style=\"vertical-align: inherit;\"><span style=\"vertical-align: inherit;\"> Daha a\u00e7\u0131k renkler ve daha \u015f\u0131k tasar\u0131mlar k\u00fc\u00e7\u00fck bir oday\u0131 daha ferah g\u00f6sterebilir. Yo\u011fun trafi\u011fe sahip alanlar i\u00e7in dayan\u0131kl\u0131, bak\u0131m\u0131 kolay malzemeler \u00f6nerilir.<\/span><\/span><\/p><\/li><\/ol><p><span style=\"vertical-align: inherit;\"><span style=\"vertical-align: inherit;\">K\u00fc\u00e7\u00fck alanlar i\u00e7in m\u00fckemmel kanepe tak\u0131mlar\u0131n\u0131 sat\u0131n almak, ayr\u0131nt\u0131lara dikkat etmeyi ve en son trendleri anlamay\u0131 gerektirir. Modern kanepe tasar\u0131m trendlerini 2024&#8217;e entegre etmek, esteti\u011fi \u00f6nemli \u00f6l\u00e7\u00fcde art\u0131rabilir. \u015e\u0131k ev mobilyalar\u0131 ve mobilya stillerini kar\u0131\u015ft\u0131rma konusunda daha fazla fikir i\u00e7in ilgili dekor bloglar\u0131n\u0131 takip etmeyi d\u00fc\u015f\u00fcn\u00fcn.<\/span><\/span><\/p><p><span style=\"vertical-align: inherit;\"><span style=\"vertical-align: inherit;\">Mekana uygun bir kanepe se\u00e7erek, kompakt bir alan\u0131 \u015f\u0131k ve i\u015flevsel bir ya\u015fam alan\u0131na d\u00f6n\u00fc\u015ft\u00fcrebilirsiniz.<\/span><\/span><\/p><p><img loading=\"lazy\" decoding=\"async\" class=\"aligncenter wp-image-15143 size-full\" src=\"https:\/\/stileuropa.com\/wp-content\/uploads\/2024\/12\/f085cd8d-db7b-417e-80c8-7aa96840dec0.png\" alt=\"\" width=\"1024\" height=\"576\" srcset=\"https:\/\/stileuropa.com\/wp-content\/uploads\/2024\/12\/f085cd8d-db7b-417e-80c8-7aa96840dec0.png 1024w, https:\/\/stileuropa.com\/wp-content\/uploads\/2024\/12\/f085cd8d-db7b-417e-80c8-7aa96840dec0-300x169.png 300w, https:\/\/stileuropa.com\/wp-content\/uploads\/2024\/12\/f085cd8d-db7b-417e-80c8-7aa96840dec0-768x432.png 768w, https:\/\/stileuropa.com\/wp-content\/uploads\/2024\/12\/f085cd8d-db7b-417e-80c8-7aa96840dec0-600x338.png 600w\" sizes=\"(max-width: 1024px) 100vw, 1024px\" \/><\/p><h2><span style=\"vertical-align: inherit;\"><span style=\"vertical-align: inherit;\">Modern Kanepeleri \u00c7e\u015fitli Dekor Temalar\u0131na Dahil Etmek<\/span><\/span><\/h2><p><span style=\"vertical-align: inherit;\"><span style=\"vertical-align: inherit;\">Eviniz i\u00e7in <\/span><span style=\"vertical-align: inherit;\">do\u011fru <\/span><\/span><a class=\"link\" href=\"https:\/\/stileuropa.com\/product-category\/living-room\/sofa-couch\/\" target=\"_blank\" rel=\"noopener noreferrer nofollow\"><strong><span style=\"vertical-align: inherit;\"><span style=\"vertical-align: inherit;\">kanepe kanepeyi<\/span><\/span><\/strong><\/a><strong><span style=\"vertical-align: inherit;\"><span style=\"vertical-align: inherit;\"> se\u00e7mek \u00e7ok \u00f6nemlidir. A\u015fa\u011f\u0131da, modern kanepe tak\u0131mlar\u0131n\u0131<\/span><\/span><\/strong><span style=\"vertical-align: inherit;\"><span style=\"vertical-align: inherit;\"> \u00e7e\u015fitli dekor temalar\u0131na dahil etmenin yollar\u0131 ayr\u0131nt\u0131l\u0131 olarak a\u00e7\u0131klanm\u0131\u015f olup, alanlar\u0131n hem stil hem de konfor yaymas\u0131n\u0131 sa\u011flar.<\/span><\/span><\/p><h3><span style=\"vertical-align: inherit;\"><span style=\"vertical-align: inherit;\">1. \u00c7a\u011fda\u015f Minimalist<\/span><\/span><\/h3><p><span style=\"vertical-align: inherit;\"><span style=\"vertical-align: inherit;\">Minimalist ya\u015fam alanlar\u0131, stilden \u00f6d\u00fcn vermeden sadelik ister. Bu dekorasyon temas\u0131 i\u00e7in:<\/span><\/span><\/p><ul><li><p><strong><span style=\"vertical-align: inherit;\"><span style=\"vertical-align: inherit;\">Temiz \u00e7izgilere sahip, ak\u0131c\u0131 kanepe tasar\u0131mlar\u0131n\u0131<\/span><\/span><\/strong><span style=\"vertical-align: inherit;\"><span style=\"vertical-align: inherit;\"> tercih edin <\/span><span style=\"vertical-align: inherit;\">.<\/span><\/span><\/p><\/li><li><p><span style=\"vertical-align: inherit;\"><span style=\"vertical-align: inherit;\">Beyaz, gri veya bej gibi n\u00f6tr renklere odaklan\u0131n.<\/span><\/span><\/p><\/li><li><p><span style=\"vertical-align: inherit;\"><span style=\"vertical-align: inherit;\">Mekan\u0131 minimalist <\/span><\/span><strong><span style=\"vertical-align: inherit;\"><span style=\"vertical-align: inherit;\">\u015f\u0131k ev mobilyalar\u0131yla<\/span><\/span><\/strong><span style=\"vertical-align: inherit;\"><span style=\"vertical-align: inherit;\"> tamamlay\u0131n , fazlal\u0131ktan ka\u00e7\u0131n\u0131n.<\/span><\/span><\/p><\/li><\/ul><h3><span style=\"vertical-align: inherit;\"><span style=\"vertical-align: inherit;\">2. End\u00fcstriyel \u015e\u0131kl\u0131k<\/span><\/span><\/h3><p><span style=\"vertical-align: inherit;\"><span style=\"vertical-align: inherit;\">End\u00fcstriyel temal\u0131 bir oturma odas\u0131 i\u00e7in:<\/span><\/span><\/p><ul><li><p><span style=\"vertical-align: inherit;\"><span style=\"vertical-align: inherit;\">Sa\u011flam, dayan\u0131kl\u0131 bir g\u00f6r\u00fcn\u00fcme sahip <\/span><\/span><strong><span style=\"vertical-align: inherit;\"><span style=\"vertical-align: inherit;\">k\u00f6\u015fe koltuklar\u0131<\/span><\/span><\/strong><span style=\"vertical-align: inherit;\"><span style=\"vertical-align: inherit;\"> tercih edin .<\/span><\/span><\/p><\/li><li><p><strong><span style=\"vertical-align: inherit;\"><span style=\"vertical-align: inherit;\">Modern bir g\u00f6r\u00fcn\u00fcm i\u00e7in<\/span><\/span><\/strong><span style=\"vertical-align: inherit;\"><span style=\"vertical-align: inherit;\"> deri veya suni deri l\u00fcks koltuklar <\/span><span style=\"vertical-align: inherit;\">m\u00fckemmel uyum sa\u011flar.<\/span><\/span><\/p><\/li><li><p><span style=\"vertical-align: inherit;\"><span style=\"vertical-align: inherit;\">End\u00fcstriyel havay\u0131 dengelemek i\u00e7in metal detaylar ve ham ah\u015fap mobilyalar kullan\u0131n.<\/span><\/span><\/p><\/li><\/ul><h3><span style=\"vertical-align: inherit;\"><span style=\"vertical-align: inherit;\">3. \u0130skandinav Esintili<\/span><\/span><\/h3><p><span style=\"vertical-align: inherit;\"><span style=\"vertical-align: inherit;\">\u0130skandinav esteti\u011fine ula\u015fmak \u015funlar\u0131 i\u00e7erir:<\/span><\/span><\/p><ul><li><p><span style=\"vertical-align: inherit;\"><span style=\"vertical-align: inherit;\">Mavi ve pastel tonlar gibi yumu\u015fak, sakin tonlarda <\/span><strong><span style=\"vertical-align: inherit;\">m\u00fckemmel koltuk tak\u0131mlar\u0131 .<\/span><\/strong><\/span><\/p><\/li><li><p><span style=\"vertical-align: inherit;\"><span style=\"vertical-align: inherit;\">Ah\u015fap ve keten kuma\u015flar gibi do\u011fal malzemeler kullan\u0131larak.<\/span><\/span><\/p><\/li><li><p><span style=\"vertical-align: inherit;\"><span style=\"vertical-align: inherit;\">S\u0131cakl\u0131\u011f\u0131 art\u0131rmak i\u00e7in yast\u0131k ve battaniye gibi rahatlat\u0131c\u0131 \u00f6\u011feler ekleyin.<\/span><\/span><\/p><\/li><\/ul><h3><span style=\"vertical-align: inherit;\"><span style=\"vertical-align: inherit;\">4. Bohem Cenneti<\/span><\/span><\/h3><p><span style=\"vertical-align: inherit;\"><span style=\"vertical-align: inherit;\">Bohem dekoru zengin ve renklidir:<\/span><\/span><\/p><ul><li><p><strong><span style=\"vertical-align: inherit;\"><span style=\"vertical-align: inherit;\">Canl\u0131, desenli kuma\u015flar\u0131n yer ald\u0131\u011f\u0131 2024&#8217;\u00fcn<\/span><\/span><\/strong><span style=\"vertical-align: inherit;\"><span style=\"vertical-align: inherit;\"> eklektik kanepe tasar\u0131m trendlerini deneyin <\/span><span style=\"vertical-align: inherit;\">.<\/span><\/span><\/p><\/li><li><p><span style=\"vertical-align: inherit;\"><span style=\"vertical-align: inherit;\">Katmanl\u0131 bir g\u00f6r\u00fcn\u00fcm yaratmak i\u00e7in kadife ve ipek gibi farkl\u0131 dokular\u0131 kar\u0131\u015ft\u0131r\u0131n.<\/span><\/span><\/p><\/li><li><p><span style=\"vertical-align: inherit;\"><span style=\"vertical-align: inherit;\">Ki\u015fisel tarz\u0131n\u0131z\u0131 yans\u0131tan \u00e7e\u015fitli bitkiler ve dekoratif \u00fcr\u00fcnlerle aksesuarlar\u0131n\u0131z\u0131 tamamlay\u0131n.<\/span><\/span><\/p><\/li><\/ul><h3><span style=\"vertical-align: inherit;\"><span style=\"vertical-align: inherit;\">5. Modern Cazibe<\/span><\/span><\/h3><p><span style=\"vertical-align: inherit;\"><span style=\"vertical-align: inherit;\">Oturma odan\u0131z\u0131 g\u00f6z al\u0131c\u0131, modern bir cennete d\u00f6n\u00fc\u015ft\u00fcrmek i\u00e7in:<\/span><\/span><\/p><ul><li><p><strong><span style=\"vertical-align: inherit;\"><span style=\"vertical-align: inherit;\">Oturma odan\u0131zdaki l\u00fcks koltuk tak\u0131mlar\u0131n\u0131,<\/span><\/span><\/strong><span style=\"vertical-align: inherit;\"><span style=\"vertical-align: inherit;\"> p\u00fcsk\u00fcll\u00fc tasar\u0131mlar ve metalik ayaklarla modern bir g\u00f6r\u00fcn\u00fcme kavu\u015fturun.<\/span><\/span><\/p><\/li><li><p><span style=\"vertical-align: inherit;\"><span style=\"vertical-align: inherit;\">Z\u00fcmr\u00fct veya safir gibi m\u00fccevher tonlar\u0131nda l\u00fcks bir k\u00f6\u015fe kanepe ekleyin.<\/span><\/span><\/p><\/li><li><p><span style=\"vertical-align: inherit;\"><span style=\"vertical-align: inherit;\">Zengin bir dokunu\u015f i\u00e7in aynal\u0131 mobilyalar ve \u015f\u0131k ayd\u0131nlatma armat\u00fcrlerinden yararlan\u0131n.<\/span><\/span><\/p><\/li><\/ul><h3><span style=\"vertical-align: inherit;\"><span style=\"vertical-align: inherit;\">6. Orta Y\u00fczy\u0131l Modern<\/span><\/span><\/h3><p><span style=\"vertical-align: inherit;\"><span style=\"vertical-align: inherit;\">Y\u00fczy\u0131l ortas\u0131 modern bir ortamda:<\/span><\/span><\/p><ul><li><p><span style=\"vertical-align: inherit;\"><span style=\"vertical-align: inherit;\">\u0130konik, konik ayakl\u0131 ve al\u00e7ak profilli <\/span><\/span><strong><span style=\"vertical-align: inherit;\"><span style=\"vertical-align: inherit;\">modern kanepe tak\u0131mlar\u0131ndan<\/span><\/span><\/strong><span style=\"vertical-align: inherit;\"><span style=\"vertical-align: inherit;\"> yararlan\u0131n .<\/span><\/span><\/p><\/li><li><p><span style=\"vertical-align: inherit;\"><span style=\"vertical-align: inherit;\">Turuncu, turkuaz veya hardal gibi cesur renkleri tercih edin.<\/span><\/span><\/p><\/li><li><p><span style=\"vertical-align: inherit;\"><span style=\"vertical-align: inherit;\">Kanepeleri ah\u015fap sehpalar ve retro esintili aksesuarlarla tamamlay\u0131n.<\/span><\/span><\/p><\/li><\/ul><h3><span style=\"vertical-align: inherit;\"><span style=\"vertical-align: inherit;\">7. Ge\u00e7i\u015f D\u00f6nemi Zarafeti<\/span><\/span><\/h3><p><span style=\"vertical-align: inherit;\"><span style=\"vertical-align: inherit;\">Bu tema geleneksel ve modern \u00f6\u011feleri bir araya getiriyor:<\/span><\/span><\/p><ul><li><p><span style=\"vertical-align: inherit;\"><span style=\"vertical-align: inherit;\">G\u00fcncel kuma\u015flarla <\/span><span style=\"vertical-align: inherit;\">zamans\u0131z bir <\/span><\/span><strong><span style=\"vertical-align: inherit;\"><span style=\"vertical-align: inherit;\">kanepe kanepe stili se\u00e7in.<\/span><\/span><\/strong><\/p><\/li><li><p><strong><span style=\"vertical-align: inherit;\"><span style=\"vertical-align: inherit;\">\u015e\u0131k bir oturma odas\u0131 i\u00e7in<\/span><\/span><\/strong><span style=\"vertical-align: inherit;\"><span style=\"vertical-align: inherit;\"> klasik ah\u015fap mobilyalar\u0131 temel unsurlarla birle\u015ftirin <\/span><span style=\"vertical-align: inherit;\">.<\/span><\/span><\/p><\/li><li><p><span style=\"vertical-align: inherit;\"><span style=\"vertical-align: inherit;\">\u0130yi se\u00e7ilmi\u015f dekorasyon par\u00e7alar\u0131yla konfor ve zarafeti dengeleyin.<\/span><\/span><\/p><\/li><\/ul><h3><span style=\"vertical-align: inherit;\"><span style=\"vertical-align: inherit;\">\u0130pu\u00e7lar\u0131 ve P\u00fcf Noktalar\u0131<\/span><\/span><\/h3><p><strong><span style=\"vertical-align: inherit;\"><span style=\"vertical-align: inherit;\">Mobilya stillerini<\/span><\/span><\/strong><span style=\"vertical-align: inherit;\"><span style=\"vertical-align: inherit;\"> kar\u0131\u015ft\u0131r\u0131rken <\/span><span style=\"vertical-align: inherit;\">:<\/span><\/span><\/p><ol><li><p><span style=\"vertical-align: inherit;\"><span style=\"vertical-align: inherit;\">Dengeli bir renk paleti olu\u015fturmaya \u00e7al\u0131\u015f\u0131n.<\/span><\/span><\/p><\/li><li><p><strong><span style=\"vertical-align: inherit;\"><span style=\"vertical-align: inherit;\">Ev dekorasyonunuzu zenginle\u015ftirmek<\/span><\/span><\/strong><span style=\"vertical-align: inherit;\"><span style=\"vertical-align: inherit;\"> i\u00e7in se\u00e7ti\u011finiz kanepeleri odak noktas\u0131 olarak kullan\u0131n <\/span><span style=\"vertical-align: inherit;\">.<\/span><\/span><\/p><\/li><li><p><span style=\"vertical-align: inherit;\"><span style=\"vertical-align: inherit;\">Farkl\u0131 dokular, desenler ve \u015fekiller aras\u0131nda uyum aray\u0131n.<\/span><\/span><\/p><\/li><\/ol><h3><span style=\"vertical-align: inherit;\"><span style=\"vertical-align: inherit;\">\u00c7\u00f6z\u00fcm<\/span><\/span><\/h3><p><span style=\"vertical-align: inherit;\"><span style=\"vertical-align: inherit;\">Yukar\u0131daki temalar\u0131 g\u00f6z \u00f6n\u00fcnde bulundurarak ve modern kanepeleri uygun \u015fekilde entegre ederek, herhangi bir oturma odas\u0131n\u0131n estetik \u00e7ekicili\u011fini ve konforunu art\u0131rabilirsiniz. Sekt\u00f6r uzmanlar\u0131n\u0131n \u00f6nerileri, birinin ev dekorunda stil ve i\u015flevselli\u011fin m\u00fckemmel bir kar\u0131\u015f\u0131m\u0131n\u0131 elde etmek i\u00e7in \u00f6nemli i\u00e7g\u00f6r\u00fcler sa\u011flar.<\/span><\/span><\/p><h2><span style=\"vertical-align: inherit;\"><span style=\"vertical-align: inherit;\">Modern Koltu\u011funuz \u0130\u00e7in Bak\u0131m ve \u00d6zen \u0130pu\u00e7lar\u0131<\/span><\/span><\/h2><p><a class=\"link\" href=\"https:\/\/stileuropa.com\/product-category\/living-room\/sofa-couch\/\" target=\"_blank\" rel=\"noopener noreferrer nofollow\"><strong><span style=\"vertical-align: inherit;\"><span style=\"vertical-align: inherit;\">Kanepe koltu\u011funuzun<\/span><\/span><\/strong><\/a><span style=\"vertical-align: inherit;\"><span style=\"vertical-align: inherit;\"> bak\u0131ml\u0131 durumda kalmas\u0131n\u0131 sa\u011flamak , uzun \u00f6m\u00fcrl\u00fc olmas\u0131 i\u00e7in \u00e7ok \u00f6nemlidir. Kanepe koltu\u011funuzu koruman\u0131za ve <\/span><\/span><strong><span style=\"vertical-align: inherit;\"><span style=\"vertical-align: inherit;\">oturma odan\u0131zdaki l\u00fcks kanepelerinizi modern bir g\u00f6r\u00fcn\u00fcme d\u00f6n\u00fc\u015ft\u00fcrmenize<\/span><\/span><\/strong><span style=\"vertical-align: inherit;\"><span style=\"vertical-align: inherit;\"> yard\u0131mc\u0131 olacak baz\u0131 temel ipu\u00e7lar\u0131 \u015funlard\u0131r <\/span><span style=\"vertical-align: inherit;\">.<\/span><\/span><\/p><ol><li><p><strong><span style=\"vertical-align: inherit;\"><span style=\"vertical-align: inherit;\">D\u00fczenli Temizlik<\/span><\/span><\/strong><\/p><ul><li><p><span style=\"vertical-align: inherit;\"><span style=\"vertical-align: inherit;\">Kanepe tak\u0131m\u0131n\u0131 haftada bir kez toz ve d\u00f6k\u00fcnt\u00fclerden ar\u0131nd\u0131rmak i\u00e7in elektrikli s\u00fcp\u00fcrgeyle temizleyin.<\/span><\/span><\/p><\/li><li><p><span style=\"vertical-align: inherit;\"><span style=\"vertical-align: inherit;\">Hassas kuma\u015flara zarar vermemek i\u00e7in yumu\u015fak f\u0131r\u00e7a ba\u015fl\u0131\u011f\u0131 kullan\u0131n.<\/span><\/span><\/p><\/li><li><p><span style=\"vertical-align: inherit;\"><span style=\"vertical-align: inherit;\">Lekelerin yerle\u015fmesini \u00f6nlemek i\u00e7in d\u00f6k\u00fclenleri hemen temizleyin.<\/span><\/span><\/p><\/li><\/ul><\/li><li><p><strong><span style=\"vertical-align: inherit;\"><span style=\"vertical-align: inherit;\">Kuma\u015f Korumas\u0131<\/span><\/span><\/strong><\/p><ul><li><p><span style=\"vertical-align: inherit;\"><span style=\"vertical-align: inherit;\">Kanepenizin tasar\u0131m\u0131na uygun kuma\u015f koruyucular\u0131 uygulay\u0131n.<\/span><\/span><\/p><\/li><li><p><span style=\"vertical-align: inherit;\"><span style=\"vertical-align: inherit;\">Uygun \u00fcr\u00fcnler i\u00e7in \u00fcreticinin kullan\u0131m k\u0131lavuzunu kontrol edin.<\/span><\/span><\/p><\/li><li><p><span style=\"vertical-align: inherit;\"><span style=\"vertical-align: inherit;\">Kuma\u015fa zarar verebilecek sert kimyasallar\u0131 kullanmaktan ka\u00e7\u0131n\u0131n.<\/span><\/span><\/p><\/li><\/ul><\/li><li><p><strong><span style=\"vertical-align: inherit;\"><span style=\"vertical-align: inherit;\">D\u00f6nen Minderler<\/span><\/span><\/strong><\/p><ul><li><p><span style=\"vertical-align: inherit;\"><span style=\"vertical-align: inherit;\">Yast\u0131klar\u0131n e\u015fit \u015fekilde a\u015f\u0131nmas\u0131n\u0131 sa\u011flamak i\u00e7in haftada bir kez yast\u0131klar\u0131 \u00e7evirin ve d\u00f6nd\u00fcr\u00fcn.<\/span><\/span><\/p><\/li><li><p><span style=\"vertical-align: inherit;\"><span style=\"vertical-align: inherit;\">Bu, koltuk tak\u0131m\u0131n\u0131n \u015feklinin ve g\u00f6r\u00fcn\u00fcm\u00fcn\u00fcn korunmas\u0131na yard\u0131mc\u0131 olur.<\/span><\/span><\/p><\/li><li><p><span style=\"vertical-align: inherit;\"><span style=\"vertical-align: inherit;\">D\u00f6k\u00fclmelere ve lekelere kar\u015f\u0131 koruma sa\u011flamak i\u00e7in yast\u0131k k\u0131l\u0131f\u0131 kullanmay\u0131 d\u00fc\u015f\u00fcnebilirsiniz.<\/span><\/span><\/p><\/li><\/ul><\/li><li><p><strong><span style=\"vertical-align: inherit;\"><span style=\"vertical-align: inherit;\">D\u00f6k\u00fclme ve Lekelerin Giderilmesi<\/span><\/span><\/strong><\/p><ul><li><p><span style=\"vertical-align: inherit;\"><span style=\"vertical-align: inherit;\">D\u00f6k\u00fclen s\u0131v\u0131y\u0131 ovalamaktan ziyade temiz ve kuru bir bezle silin.<\/span><\/span><\/p><\/li><li><p><span style=\"vertical-align: inherit;\"><span style=\"vertical-align: inherit;\">Y\u00fczeysel lekeler i\u00e7in yumu\u015fak bir bula\u015f\u0131k deterjan\u0131 ve su kar\u0131\u015f\u0131m\u0131 kullan\u0131n.<\/span><\/span><\/p><\/li><li><p><span style=\"vertical-align: inherit;\"><span style=\"vertical-align: inherit;\">\u0130nat\u00e7\u0131 lekelerde, hasar\u0131n \u00f6nlenmesi i\u00e7in profesyonel temizlik hizmetlerine dan\u0131\u015f\u0131n.<\/span><\/span><\/p><\/li><\/ul><\/li><li><p><strong><span style=\"vertical-align: inherit;\"><span style=\"vertical-align: inherit;\">G\u00fcne\u015f I\u015f\u0131\u011f\u0131 ve Is\u0131 Maruziyeti<\/span><\/span><\/strong><\/p><ul><li><p><span style=\"vertical-align: inherit;\"><span style=\"vertical-align: inherit;\">Kanepe koltuklar\u0131n\u0131z\u0131 solmas\u0131n\u0131 ve \u00e7atlamas\u0131n\u0131 \u00f6nlemek i\u00e7in do\u011frudan g\u00fcne\u015f \u0131\u015f\u0131\u011f\u0131na maruz b\u0131rakmay\u0131n.<\/span><\/span><\/p><\/li><li><p><span style=\"vertical-align: inherit;\"><span style=\"vertical-align: inherit;\">Koltuk tak\u0131m\u0131n\u0131 kalorifer, \u015f\u00f6mine gibi \u0131s\u0131 kaynaklar\u0131ndan uzak tutun.<\/span><\/span><\/p><\/li><li><p><span style=\"vertical-align: inherit;\"><span style=\"vertical-align: inherit;\">G\u00fcne\u015f \u0131\u015f\u0131\u011f\u0131n\u0131 filtrelemek ve maruziyeti azaltmak i\u00e7in pencere perdeleri kullan\u0131n.<\/span><\/span><\/p><\/li><\/ul><\/li><li><p><strong><span style=\"vertical-align: inherit;\"><span style=\"vertical-align: inherit;\">Deri Kanepe Bak\u0131m\u0131<\/span><\/span><\/strong><\/p><ul><li><p><span style=\"vertical-align: inherit;\"><span style=\"vertical-align: inherit;\">Olu\u015fabilecek birikmeleri \u00f6nlemek i\u00e7in d\u00fczenli olarak kuru bir bezle tozunu al\u0131n.<\/span><\/span><\/p><\/li><li><p><span style=\"vertical-align: inherit;\"><span style=\"vertical-align: inherit;\">Malzemenin esnekli\u011fini korumak i\u00e7in \u00f6zel deri bak\u0131m \u00fcr\u00fcnleri kullan\u0131n.<\/span><\/span><\/p><\/li><li><p><span style=\"vertical-align: inherit;\"><span style=\"vertical-align: inherit;\">E\u011fer derinizde yar\u0131klar veya \u00e7izikler olu\u015fursa profesyonel deri bak\u0131m hizmetlerini ara\u015ft\u0131r\u0131n.<\/span><\/span><\/p><\/li><\/ul><\/li><li><p><strong><span style=\"vertical-align: inherit;\"><span style=\"vertical-align: inherit;\">\u00c7er\u00e7eve ve Yaylar\u0131n Bak\u0131m\u0131<\/span><\/span><\/strong><\/p><ul><li><p><span style=\"vertical-align: inherit;\"><span style=\"vertical-align: inherit;\">\u00c7er\u00e7evenin durumunu periyodik olarak kontrol edin ve gev\u015fek vidalar\u0131 s\u0131k\u0131n.<\/span><\/span><\/p><\/li><li><p><span style=\"vertical-align: inherit;\"><span style=\"vertical-align: inherit;\">Herhangi bir g\u0131c\u0131rt\u0131 olup olmad\u0131\u011f\u0131n\u0131 dinleyin ve yay sorunlar\u0131n\u0131 derhal giderin.<\/span><\/span><\/p><\/li><li><p><span style=\"vertical-align: inherit;\"><span style=\"vertical-align: inherit;\">Yap\u0131sal b\u00fct\u00fcnl\u00fc\u011f\u00fcn korunmas\u0131 i\u00e7in a\u011f\u0131rl\u0131\u011f\u0131n e\u015fit \u015fekilde da\u011f\u0131t\u0131ld\u0131\u011f\u0131ndan emin olun.<\/span><\/span><\/p><\/li><\/ul><\/li><li><p><strong><span style=\"vertical-align: inherit;\"><span style=\"vertical-align: inherit;\">Evcil Hayvan Dikkate Al\u0131nmas\u0131<\/span><\/span><\/strong><\/p><ul><li><p><span style=\"vertical-align: inherit;\"><span style=\"vertical-align: inherit;\">\u015e\u0131k ev mobilyalar\u0131n\u0131za t\u00fcy d\u00f6k\u00fclmesini en aza indirmek i\u00e7in evcil hayvanlar\u0131n\u0131z\u0131n bak\u0131ml\u0131 olmas\u0131n\u0131 sa\u011flay\u0131n.<\/span><\/span><\/p><\/li><li><p><span style=\"vertical-align: inherit;\"><span style=\"vertical-align: inherit;\">Kanepe koltu\u011funuzu evcil hayvanlar\u0131n verece\u011fi zararlardan korumak i\u00e7in \u00f6rt\u00fc veya \u00f6rt\u00fcler kullan\u0131n.<\/span><\/span><\/p><\/li><li><p><span style=\"vertical-align: inherit;\"><span style=\"vertical-align: inherit;\">Evcil hayvanlar\u0131n\u0131z\u0131 do\u011frudan kanepeye atlamamalar\u0131 i\u00e7in e\u011fitin.<\/span><\/span><\/p><\/li><\/ul><\/li><li><p><strong><span style=\"vertical-align: inherit;\"><span style=\"vertical-align: inherit;\">Profesyonel Temizlik<\/span><\/span><\/strong><\/p><ul><li><p><span style=\"vertical-align: inherit;\"><span style=\"vertical-align: inherit;\">Y\u0131lda bir veya iki kez profesyonel temizlik yapt\u0131r\u0131n.<\/span><\/span><\/p><\/li><li><p><span style=\"vertical-align: inherit;\"><span style=\"vertical-align: inherit;\">Kuma\u015f\u0131n canl\u0131l\u0131\u011f\u0131n\u0131 ve g\u00f6r\u00fcn\u00fcm\u00fcn\u00fc korumas\u0131na yard\u0131mc\u0131 olur.<\/span><\/span><\/p><\/li><li><p><strong><span style=\"vertical-align: inherit;\"><span style=\"vertical-align: inherit;\">2024<\/span><\/span><\/strong><span style=\"vertical-align: inherit;\"><span style=\"vertical-align: inherit;\"> kanepe tasar\u0131m trendlerine g\u00f6re \u00f6zel bak\u0131m \u00f6nerilerini takip edin <\/span><span style=\"vertical-align: inherit;\">.<\/span><\/span><\/p><\/li><\/ul><\/li><\/ol><p><span style=\"vertical-align: inherit;\"><span style=\"vertical-align: inherit;\">Son olarak, bu uygulamalar\u0131 birle\u015ftirmek ev dekorunuzu \u00f6nemli \u00f6l\u00e7\u00fcde y\u00fckseltebilir. Mobilya stillerini kar\u0131\u015ft\u0131rarak \u015f\u0131k ve rahat ya\u015fam alanlar\u0131 yaratabilirsiniz. D\u00fczenli bak\u0131m, m\u00fckemmel koltuk tak\u0131mlar\u0131n\u0131z\u0131n yeni g\u00f6r\u00fcnmesini sa\u011flaman\u0131n yan\u0131 s\u0131ra oturma odan\u0131z\u0131n genel ambiyans\u0131n\u0131 da iyile\u015ftirir. Devam eden koltuk bak\u0131m\u0131 tavsiyeleri i\u00e7in <\/span><\/span><strong><span style=\"vertical-align: inherit;\"><span style=\"vertical-align: inherit;\">\u015f\u0131k bir oturma odas\u0131 i\u00e7in bak\u0131m ipu\u00e7lar\u0131 ve temel unsurlar<\/span><\/span><\/strong><span style=\"vertical-align: inherit;\"><span style=\"vertical-align: inherit;\"> hakk\u0131ndaki bloglarla g\u00fcncel kal\u0131n .<\/span><\/span><\/p><figure id=\"attachment_15146\" aria-describedby=\"caption-attachment-15146\" style=\"width: 1024px\" class=\"wp-caption aligncenter\"><img loading=\"lazy\" decoding=\"async\" class=\"wp-image-15146 size-full\" src=\"https:\/\/stileuropa.com\/wp-content\/uploads\/2024\/12\/881f9af4-0392-4627-98df-8dd00903f449.png\" alt=\"oturma odas\u0131 dekoru\" width=\"1024\" height=\"576\" srcset=\"https:\/\/stileuropa.com\/wp-content\/uploads\/2024\/12\/881f9af4-0392-4627-98df-8dd00903f449.png 1024w, https:\/\/stileuropa.com\/wp-content\/uploads\/2024\/12\/881f9af4-0392-4627-98df-8dd00903f449-300x169.png 300w, https:\/\/stileuropa.com\/wp-content\/uploads\/2024\/12\/881f9af4-0392-4627-98df-8dd00903f449-768x432.png 768w, https:\/\/stileuropa.com\/wp-content\/uploads\/2024\/12\/881f9af4-0392-4627-98df-8dd00903f449-600x338.png 600w\" sizes=\"(max-width: 1024px) 100vw, 1024px\" \/><figcaption id=\"caption-attachment-15146\" class=\"wp-caption-text\"><span style=\"vertical-align: inherit;\"><span style=\"vertical-align: inherit;\">oturma odas\u0131 dekoru<\/span><\/span><\/figcaption><\/figure><h2><span style=\"vertical-align: inherit;\"><span style=\"vertical-align: inherit;\">M\u00fckemmel Modern Kanepeyi Se\u00e7mek \u0130\u00e7in Son D\u00fc\u015f\u00fcnceler<\/span><\/span><\/h2><p><span style=\"vertical-align: inherit;\"><span style=\"vertical-align: inherit;\">Oturma odan\u0131z i\u00e7in m\u00fckemmel <\/span><\/span><a class=\"link\" href=\"https:\/\/stileuropa.com\/product-category\/living-room\/sofa-couch\/\" target=\"_blank\" rel=\"noopener noreferrer nofollow\"><span style=\"vertical-align: inherit;\"><span style=\"vertical-align: inherit;\">kanepe kanepeyi<\/span><\/span><\/a><span style=\"vertical-align: inherit;\"><span style=\"vertical-align: inherit;\"> se\u00e7mek , \u00e7e\u015fitli unsurlar\u0131 g\u00f6z \u00f6n\u00fcnde bulunduran dengeli bir yakla\u015f\u0131m gerektirir. Bir kanepe tak\u0131m\u0131 genellikle bir ya\u015fam alan\u0131ndaki ana odak noktas\u0131d\u0131r, bu da yaln\u0131zca odan\u0131za rahat\u00e7a uyum sa\u011flamakla kalmay\u0131p ayn\u0131 zamanda elde etmeye \u00e7al\u0131\u015ft\u0131\u011f\u0131n\u0131z genel estetikle de uyumlu olan\u0131 se\u00e7menizi \u00f6nemli hale getirir. Modern kanepeler, zaman\u0131n testinden ge\u00e7en modern bir makyaj i\u00e7in l\u00fcks kanepeler vaat ederek oturma odan\u0131z\u0131 d\u00f6n\u00fc\u015ft\u00fcrebilir.<\/span><\/span><\/p><h3><span style=\"vertical-align: inherit;\"><span style=\"vertical-align: inherit;\">\u00d6nemli Hususlar:<\/span><\/span><\/h3><ol><li><p><strong><span style=\"vertical-align: inherit;\"><span style=\"vertical-align: inherit;\">Boyut ve Yap\u0131land\u0131rma<\/span><\/span><\/strong><span style=\"vertical-align: inherit;\"><span style=\"vertical-align: inherit;\"> :<\/span><\/span><\/p><ul><li><p><strong><span style=\"vertical-align: inherit;\"><span style=\"vertical-align: inherit;\">Alan Analizi<\/span><\/span><\/strong><span style=\"vertical-align: inherit;\"><span style=\"vertical-align: inherit;\"> : Sat\u0131n alma i\u015flemi yapmadan \u00f6nce mevcut alan\u0131 \u00f6l\u00e7mek \u00f6nemlidir. Odan\u0131n boyutlar\u0131n\u0131 anlamak, se\u00e7ilen kanepe tak\u0131m\u0131n\u0131n alan\u0131 bo\u011fmadan m\u00fckemmel bir \u015fekilde uymas\u0131n\u0131 sa\u011flar.<\/span><\/span><\/p><\/li><li><p><strong><span style=\"vertical-align: inherit;\"><span style=\"vertical-align: inherit;\">Yerle\u015fim Se\u00e7enekleri<\/span><\/span><\/strong><span style=\"vertical-align: inherit;\"><span style=\"vertical-align: inherit;\"> : Oturma alan\u0131n\u0131 ve konforu en \u00fcst d\u00fczeye \u00e7\u0131karmak i\u00e7in k\u00f6\u015fe kanepe veya oturma grubu gibi \u00e7e\u015fitli yap\u0131land\u0131rmalar\u0131 g\u00f6z \u00f6n\u00fcnde bulundurun. Bu, oturma odan\u0131za \u00e7a\u011fda\u015f bir hava katarken alan\u0131 verimli bir \u015fekilde kullanman\u0131za yard\u0131mc\u0131 olabilir.<\/span><\/span><\/p><\/li><\/ul><\/li><li><p><strong><span style=\"vertical-align: inherit;\"><span style=\"vertical-align: inherit;\">\u0130\u015flevsellik ve Konfor<\/span><\/span><\/strong><span style=\"vertical-align: inherit;\"><span style=\"vertical-align: inherit;\"> :<\/span><\/span><\/p><ul><li><p><strong><span style=\"vertical-align: inherit;\"><span style=\"vertical-align: inherit;\">Kullan\u0131m<\/span><\/span><\/strong><span style=\"vertical-align: inherit;\"><span style=\"vertical-align: inherit;\"> : Kanepenin birincil kullan\u0131m\u0131n\u0131 de\u011ferlendirin. \u0130ster dinlenmek, ister e\u011flenmek veya her ikisi i\u00e7in olsun, bu gereksinimleri rahat\u00e7a kar\u015f\u0131lad\u0131\u011f\u0131ndan emin olun.<\/span><\/span><\/p><\/li><li><p><strong><span style=\"vertical-align: inherit;\"><span style=\"vertical-align: inherit;\">Malzemeler<\/span><\/span><\/strong><span style=\"vertical-align: inherit;\"><span style=\"vertical-align: inherit;\"> : Uzun s\u00fcreli kullan\u0131m i\u00e7in \u00f6nemli olan dayan\u0131kl\u0131 ve bak\u0131m\u0131 kolay malzemelere \u00f6ncelik verin. Y\u00fcksek performansl\u0131 kuma\u015flar ve \u00fcst s\u0131n\u0131f deriler hem l\u00fcks hem de pratik se\u00e7imlerdir.<\/span><\/span><\/p><\/li><\/ul><\/li><li><p><strong><span style=\"vertical-align: inherit;\"><span style=\"vertical-align: inherit;\">Stil ve Trendler<\/span><\/span><\/strong><span style=\"vertical-align: inherit;\"><span style=\"vertical-align: inherit;\"> :<\/span><\/span><\/p><ul><li><p><strong><span style=\"vertical-align: inherit;\"><span style=\"vertical-align: inherit;\">Estetik \u0130htiya\u00e7lar<\/span><\/span><\/strong><span style=\"vertical-align: inherit;\"><span style=\"vertical-align: inherit;\"> : Se\u00e7iminizi 2024&#8217;\u00fcn en son kanepe tasar\u0131m trendleriyle uyumlu hale getirin. Modern tasar\u0131mlar genellikle \u00e7e\u015fitli dekor stilleriyle sorunsuz bir \u015fekilde harmanlanabilen temiz \u00e7izgiler, minimalist \u00f6zellikler ve n\u00f6tr tonlar\u0131 i\u00e7erir.<\/span><\/span><\/p><\/li><li><p><strong><span style=\"vertical-align: inherit;\"><span style=\"vertical-align: inherit;\">Mobilya Stillerini Kar\u0131\u015ft\u0131rmak<\/span><\/span><\/strong><span style=\"vertical-align: inherit;\"><span style=\"vertical-align: inherit;\"> : Yeni kanepeyi mevcut mobilyalarla uyumlu hale getirerek uyumlu bir g\u00f6r\u00fcn\u00fcm yarat\u0131n. Mobilya stillerini ak\u0131ll\u0131ca kar\u0131\u015ft\u0131rmak ev dekorunuzu y\u00fckseltebilir ve oturma odan\u0131za \u015f\u0131k bir hava katabilir.<\/span><\/span><\/p><\/li><\/ul><\/li><li><p><strong><span style=\"vertical-align: inherit;\"><span style=\"vertical-align: inherit;\">Renk ve Kuma\u015f<\/span><\/span><\/strong><span style=\"vertical-align: inherit;\"><span style=\"vertical-align: inherit;\"> :<\/span><\/span><\/p><ul><li><p><strong><span style=\"vertical-align: inherit;\"><span style=\"vertical-align: inherit;\">Renk Koordinasyonu<\/span><\/span><\/strong><span style=\"vertical-align: inherit;\"><span style=\"vertical-align: inherit;\"> : Mevcut dekoru tamamlayan renkleri se\u00e7in. N\u00f6tr tonlar \u00e7ok y\u00f6nl\u00fcl\u00fck sa\u011flayabilirken, cesur renkler iddial\u0131 par\u00e7alar olabilir.<\/span><\/span><\/p><\/li><li><p><strong><span style=\"vertical-align: inherit;\"><span style=\"vertical-align: inherit;\">Doku ve Kuma\u015f T\u00fcr\u00fc<\/span><\/span><\/strong><span style=\"vertical-align: inherit;\"><span style=\"vertical-align: inherit;\"> : Farkl\u0131 dokular ve kuma\u015f t\u00fcrleri genel his ve stile katk\u0131da bulunur. L\u00fcks bir dokunu\u015f i\u00e7in kadifeyi veya aile dostu bir se\u00e7enek i\u00e7in performans kuma\u015f\u0131n\u0131 d\u00fc\u015f\u00fcn\u00fcn.<\/span><\/span><\/p><\/li><\/ul><\/li><li><p><strong><span style=\"vertical-align: inherit;\"><span style=\"vertical-align: inherit;\">B\u00fct\u00e7e ve De\u011fer<\/span><\/span><\/strong><span style=\"vertical-align: inherit;\"><span style=\"vertical-align: inherit;\"> :<\/span><\/span><\/p><ul><li><p><strong><span style=\"vertical-align: inherit;\"><span style=\"vertical-align: inherit;\">Yat\u0131r\u0131m Par\u00e7as\u0131<\/span><\/span><\/strong><span style=\"vertical-align: inherit;\"><span style=\"vertical-align: inherit;\"> : Bir kanepeyi \u015f\u0131k ev mobilyalar\u0131n\u0131n yat\u0131r\u0131m par\u00e7as\u0131 olarak d\u00fc\u015f\u00fcn\u00fcn. Fiyat, uzun vadede harcamay\u0131 hakl\u0131 \u00e7\u0131karacak \u015fekilde kalite ve dayan\u0131kl\u0131l\u0131\u011f\u0131 yans\u0131tmal\u0131d\u0131r.<\/span><\/span><\/p><\/li><li><p><strong><span style=\"vertical-align: inherit;\"><span style=\"vertical-align: inherit;\">\u00d6zelle\u015ftirme Se\u00e7enekleri<\/span><\/span><\/strong><span style=\"vertical-align: inherit;\"><span style=\"vertical-align: inherit;\"> : Bir\u00e7ok marka ek bir \u00fccret kar\u015f\u0131l\u0131\u011f\u0131nda \u00f6zelle\u015ftirme sunar. Kanepeyi tercihlerinize g\u00f6re uyarlamak, t\u00fcm isteklerinizi ve oda gereksinimlerinizi kar\u015f\u0131lamas\u0131n\u0131 sa\u011flar.<\/span><\/span><\/p><\/li><\/ul><\/li><\/ol><h3><span style=\"vertical-align: inherit;\"><span style=\"vertical-align: inherit;\">\u0130lham ve Kaynaklar:<\/span><\/span><\/h3><p><span style=\"vertical-align: inherit;\"><span style=\"vertical-align: inherit;\">Modern kanepe tasar\u0131mlar\u0131 hakk\u0131nda profesyonel bir blogu takip etmek, d\u00fczenli g\u00fcncellemeler ve yeni trendlere dair i\u00e7g\u00f6r\u00fcler sa\u011flayabilir. Bu, bilgili ve ilham verici kalmak i\u00e7in yararl\u0131 bir kaynak g\u00f6revi g\u00f6rebilir ve iyi e\u011fitimli bir karar vermenize yard\u0131mc\u0131 olabilir. Farkl\u0131 stilleri ve yap\u0131land\u0131rmalar\u0131 ke\u015ffetmek, \u015f\u0131k bir oturma odas\u0131 i\u00e7in t\u00fcm temel unsurlar\u0131n dikkate al\u0131nmas\u0131n\u0131 sa\u011flayarak ev dekorunuzu \u00f6nemli \u00f6l\u00e7\u00fcde y\u00fckseltmenize yard\u0131mc\u0131 olabilir.<\/span><\/span><\/p><div data-type=\"horizontalRule\"><hr \/><\/div><p><span style=\"vertical-align: inherit;\"><span style=\"vertical-align: inherit;\">Bu kurallara uydu\u011funuzda, m\u00fckemmel modern kanepeyi bulmak hem kolay hem de keyifli bir s\u00fcre\u00e7 haline gelir ve sonu\u00e7ta sofistike ve davetkar bir ya\u015fam alan\u0131 yarat\u0131rs\u0131n\u0131z.<\/span><\/span><\/p>\t\t\t\t\t\t\t\t<\/div>\n\t\t\t\t<\/div>\n\t\t\t\t\t<\/div>\n\t\t\t\t<\/div>\n\t\t\t\t<\/div>\n\t\t","protected":false},"excerpt":{"rendered":"<p>\u0130\u00e7indekiler Modern Kanepe Se\u00e7imine Giri\u015f Do\u011fru kanepe kanepeyi se\u00e7mek oturma odan\u0131z\u0131 \u00f6nemli \u00f6l\u00e7\u00fcde de\u011fi\u015ftirebilir. Modern kanepeler yaln\u0131zca stil ile ilgili de\u011fildir; ayn\u0131 zamanda konfor ve \u00e7ok y\u00f6nl\u00fcl\u00fck sunarak ev dekorunuzun merkezi haline gelir. Trendler geli\u015ftik\u00e7e, \u015f\u0131k ve tarz sahibi bir ev i\u00e7in 2024&#8217;teki en son kanepe tasar\u0131m trendleriyle g\u00fcncel kalmak \u00e7ok \u00f6nemlidir. \u015e\u0131k Bir Oturma [&hellip;]<\/p>\n","protected":false},"author":8,"featured_media":0,"comment_status":"open","ping_status":"open","sticky":false,"template":"","format":"standard","meta":{"footnotes":""},"categories":[127],"tags":[],"class_list":["post-15166","post","type-post","status-publish","format-standard","hentry","category-uncategorized-tr"],"yoast_head":"<!-- This site is optimized with the Yoast SEO plugin v24.9 - https:\/\/yoast.com\/wordpress\/plugins\/seo\/ -->\n<title>Kanepe Se\u00e7imi \u0130\u00e7in En \u0130yi \u0130pu\u00e7lar\u0131: Oturma Odas\u0131 Dekorunuz \u0130\u00e7in Modern Kanepeler - StilEuropa<\/title>\n<meta name=\"robots\" content=\"index, follow, max-snippet:-1, max-image-preview:large, max-video-preview:-1\" \/>\n<link rel=\"canonical\" href=\"https:\/\/stileuropa.com\/tr\/kanepe-secimi-icin-en-iyi-ipuclari-oturma-odasi-dekorunuz-icin-modern-kanepeler\/\" \/>\n<meta property=\"og:locale\" content=\"tr_TR\" \/>\n<meta property=\"og:type\" content=\"article\" \/>\n<meta property=\"og:title\" content=\"Kanepe Se\u00e7imi \u0130\u00e7in En \u0130yi \u0130pu\u00e7lar\u0131: Oturma Odas\u0131 Dekorunuz \u0130\u00e7in Modern Kanepeler - StilEuropa\" \/>\n<meta property=\"og:description\" content=\"\u0130\u00e7indekiler Modern Kanepe Se\u00e7imine Giri\u015f Do\u011fru kanepe kanepeyi se\u00e7mek oturma odan\u0131z\u0131 \u00f6nemli \u00f6l\u00e7\u00fcde de\u011fi\u015ftirebilir. Modern kanepeler yaln\u0131zca stil ile ilgili de\u011fildir; ayn\u0131 zamanda konfor ve \u00e7ok y\u00f6nl\u00fcl\u00fck sunarak ev dekorunuzun merkezi haline gelir. Trendler geli\u015ftik\u00e7e, \u015f\u0131k ve tarz sahibi bir ev i\u00e7in 2024&#8217;teki en son kanepe tasar\u0131m trendleriyle g\u00fcncel kalmak \u00e7ok \u00f6nemlidir. \u015e\u0131k Bir Oturma [&hellip;]\" \/>\n<meta property=\"og:url\" content=\"https:\/\/stileuropa.com\/tr\/kanepe-secimi-icin-en-iyi-ipuclari-oturma-odasi-dekorunuz-icin-modern-kanepeler\/\" \/>\n<meta property=\"og:site_name\" content=\"StilEuropa\" \/>\n<meta property=\"article:published_time\" content=\"2024-12-02T19:27:58+00:00\" \/>\n<meta property=\"article:modified_time\" content=\"2024-12-02T19:29:57+00:00\" \/>\n<meta property=\"og:image\" content=\"https:\/\/stileuropa.com\/wp-content\/uploads\/2024\/12\/4d694d1f-3b12-4888-ae55-b02151e8164b.png\" \/>\n\t<meta property=\"og:image:width\" content=\"1024\" \/>\n\t<meta property=\"og:image:height\" content=\"576\" \/>\n\t<meta property=\"og:image:type\" content=\"image\/png\" \/>\n<meta name=\"author\" content=\"wenom-seo\" \/>\n<meta name=\"twitter:card\" content=\"summary_large_image\" \/>\n<meta name=\"twitter:label1\" content=\"Yazan:\" \/>\n\t<meta name=\"twitter:data1\" content=\"wenom-seo\" \/>\n\t<meta name=\"twitter:label2\" content=\"Tahmini okuma s\u00fcresi\" \/>\n\t<meta name=\"twitter:data2\" content=\"32 dakika\" \/>\n<script type=\"application\/ld+json\" class=\"yoast-schema-graph\">{\"@context\":\"https:\/\/schema.org\",\"@graph\":[{\"@type\":\"Article\",\"@id\":\"https:\/\/stileuropa.com\/tr\/kanepe-secimi-icin-en-iyi-ipuclari-oturma-odasi-dekorunuz-icin-modern-kanepeler\/#article\",\"isPartOf\":{\"@id\":\"https:\/\/stileuropa.com\/tr\/kanepe-secimi-icin-en-iyi-ipuclari-oturma-odasi-dekorunuz-icin-modern-kanepeler\/\"},\"author\":{\"name\":\"wenom-seo\",\"@id\":\"https:\/\/stileuropa.com\/#\/schema\/person\/ab2b28bca382cc12973c96c8a6b10c0e\"},\"headline\":\"Kanepe Se\u00e7imi \u0130\u00e7in En \u0130yi \u0130pu\u00e7lar\u0131: Oturma Odas\u0131 Dekorunuz \u0130\u00e7in Modern Kanepeler\",\"datePublished\":\"2024-12-02T19:27:58+00:00\",\"dateModified\":\"2024-12-02T19:29:57+00:00\",\"mainEntityOfPage\":{\"@id\":\"https:\/\/stileuropa.com\/tr\/kanepe-secimi-icin-en-iyi-ipuclari-oturma-odasi-dekorunuz-icin-modern-kanepeler\/\"},\"wordCount\":6912,\"commentCount\":0,\"publisher\":{\"@id\":\"https:\/\/stileuropa.com\/#organization\"},\"image\":{\"@id\":\"https:\/\/stileuropa.com\/tr\/kanepe-secimi-icin-en-iyi-ipuclari-oturma-odasi-dekorunuz-icin-modern-kanepeler\/#primaryimage\"},\"thumbnailUrl\":\"https:\/\/stileuropa.com\/wp-content\/uploads\/2024\/12\/4d694d1f-3b12-4888-ae55-b02151e8164b.png\",\"articleSection\":[\"Uncategorized @tr\"],\"inLanguage\":\"tr\",\"potentialAction\":[{\"@type\":\"CommentAction\",\"name\":\"Comment\",\"target\":[\"https:\/\/stileuropa.com\/tr\/kanepe-secimi-icin-en-iyi-ipuclari-oturma-odasi-dekorunuz-icin-modern-kanepeler\/#respond\"]}]},{\"@type\":\"WebPage\",\"@id\":\"https:\/\/stileuropa.com\/tr\/kanepe-secimi-icin-en-iyi-ipuclari-oturma-odasi-dekorunuz-icin-modern-kanepeler\/\",\"url\":\"https:\/\/stileuropa.com\/tr\/kanepe-secimi-icin-en-iyi-ipuclari-oturma-odasi-dekorunuz-icin-modern-kanepeler\/\",\"name\":\"Kanepe Se\u00e7imi \u0130\u00e7in En \u0130yi \u0130pu\u00e7lar\u0131: Oturma Odas\u0131 Dekorunuz \u0130\u00e7in Modern Kanepeler - StilEuropa\",\"isPartOf\":{\"@id\":\"https:\/\/stileuropa.com\/#website\"},\"primaryImageOfPage\":{\"@id\":\"https:\/\/stileuropa.com\/tr\/kanepe-secimi-icin-en-iyi-ipuclari-oturma-odasi-dekorunuz-icin-modern-kanepeler\/#primaryimage\"},\"image\":{\"@id\":\"https:\/\/stileuropa.com\/tr\/kanepe-secimi-icin-en-iyi-ipuclari-oturma-odasi-dekorunuz-icin-modern-kanepeler\/#primaryimage\"},\"thumbnailUrl\":\"https:\/\/stileuropa.com\/wp-content\/uploads\/2024\/12\/4d694d1f-3b12-4888-ae55-b02151e8164b.png\",\"datePublished\":\"2024-12-02T19:27:58+00:00\",\"dateModified\":\"2024-12-02T19:29:57+00:00\",\"breadcrumb\":{\"@id\":\"https:\/\/stileuropa.com\/tr\/kanepe-secimi-icin-en-iyi-ipuclari-oturma-odasi-dekorunuz-icin-modern-kanepeler\/#breadcrumb\"},\"inLanguage\":\"tr\",\"potentialAction\":[{\"@type\":\"ReadAction\",\"target\":[\"https:\/\/stileuropa.com\/tr\/kanepe-secimi-icin-en-iyi-ipuclari-oturma-odasi-dekorunuz-icin-modern-kanepeler\/\"]}]},{\"@type\":\"ImageObject\",\"inLanguage\":\"tr\",\"@id\":\"https:\/\/stileuropa.com\/tr\/kanepe-secimi-icin-en-iyi-ipuclari-oturma-odasi-dekorunuz-icin-modern-kanepeler\/#primaryimage\",\"url\":\"https:\/\/stileuropa.com\/wp-content\/uploads\/2024\/12\/4d694d1f-3b12-4888-ae55-b02151e8164b.png\",\"contentUrl\":\"https:\/\/stileuropa.com\/wp-content\/uploads\/2024\/12\/4d694d1f-3b12-4888-ae55-b02151e8164b.png\"},{\"@type\":\"BreadcrumbList\",\"@id\":\"https:\/\/stileuropa.com\/tr\/kanepe-secimi-icin-en-iyi-ipuclari-oturma-odasi-dekorunuz-icin-modern-kanepeler\/#breadcrumb\",\"itemListElement\":[{\"@type\":\"ListItem\",\"position\":1,\"name\":\"Home\",\"item\":\"https:\/\/stileuropa.com\/\"},{\"@type\":\"ListItem\",\"position\":2,\"name\":\"Kanepe Se\u00e7imi \u0130\u00e7in En \u0130yi \u0130pu\u00e7lar\u0131: Oturma Odas\u0131 Dekorunuz \u0130\u00e7in Modern Kanepeler\"}]},{\"@type\":\"WebSite\",\"@id\":\"https:\/\/stileuropa.com\/#website\",\"url\":\"https:\/\/stileuropa.com\/\",\"name\":\"StilEuropa\",\"description\":\"\",\"publisher\":{\"@id\":\"https:\/\/stileuropa.com\/#organization\"},\"potentialAction\":[{\"@type\":\"SearchAction\",\"target\":{\"@type\":\"EntryPoint\",\"urlTemplate\":\"https:\/\/stileuropa.com\/?s={search_term_string}\"},\"query-input\":{\"@type\":\"PropertyValueSpecification\",\"valueRequired\":true,\"valueName\":\"search_term_string\"}}],\"inLanguage\":\"tr\"},{\"@type\":\"Organization\",\"@id\":\"https:\/\/stileuropa.com\/#organization\",\"name\":\"StilEuropa\",\"url\":\"https:\/\/stileuropa.com\/\",\"logo\":{\"@type\":\"ImageObject\",\"inLanguage\":\"tr\",\"@id\":\"https:\/\/stileuropa.com\/#\/schema\/logo\/image\/\",\"url\":\"https:\/\/stileuropa.com\/wp-content\/uploads\/2024\/08\/styleuropa-logo-black.webp\",\"contentUrl\":\"https:\/\/stileuropa.com\/wp-content\/uploads\/2024\/08\/styleuropa-logo-black.webp\",\"width\":501,\"height\":53,\"caption\":\"StilEuropa\"},\"image\":{\"@id\":\"https:\/\/stileuropa.com\/#\/schema\/logo\/image\/\"}},{\"@type\":\"Person\",\"@id\":\"https:\/\/stileuropa.com\/#\/schema\/person\/ab2b28bca382cc12973c96c8a6b10c0e\",\"name\":\"wenom-seo\"}]}<\/script>\n<!-- \/ Yoast SEO plugin. -->","yoast_head_json":{"title":"Kanepe Se\u00e7imi \u0130\u00e7in En \u0130yi \u0130pu\u00e7lar\u0131: Oturma Odas\u0131 Dekorunuz \u0130\u00e7in Modern Kanepeler - StilEuropa","robots":{"index":"index","follow":"follow","max-snippet":"max-snippet:-1","max-image-preview":"max-image-preview:large","max-video-preview":"max-video-preview:-1"},"canonical":"https:\/\/stileuropa.com\/tr\/kanepe-secimi-icin-en-iyi-ipuclari-oturma-odasi-dekorunuz-icin-modern-kanepeler\/","og_locale":"tr_TR","og_type":"article","og_title":"Kanepe Se\u00e7imi \u0130\u00e7in En \u0130yi \u0130pu\u00e7lar\u0131: Oturma Odas\u0131 Dekorunuz \u0130\u00e7in Modern Kanepeler - StilEuropa","og_description":"\u0130\u00e7indekiler Modern Kanepe Se\u00e7imine Giri\u015f Do\u011fru kanepe kanepeyi se\u00e7mek oturma odan\u0131z\u0131 \u00f6nemli \u00f6l\u00e7\u00fcde de\u011fi\u015ftirebilir. Modern kanepeler yaln\u0131zca stil ile ilgili de\u011fildir; ayn\u0131 zamanda konfor ve \u00e7ok y\u00f6nl\u00fcl\u00fck sunarak ev dekorunuzun merkezi haline gelir. Trendler geli\u015ftik\u00e7e, \u015f\u0131k ve tarz sahibi bir ev i\u00e7in 2024&#8217;teki en son kanepe tasar\u0131m trendleriyle g\u00fcncel kalmak \u00e7ok \u00f6nemlidir. \u015e\u0131k Bir Oturma [&hellip;]","og_url":"https:\/\/stileuropa.com\/tr\/kanepe-secimi-icin-en-iyi-ipuclari-oturma-odasi-dekorunuz-icin-modern-kanepeler\/","og_site_name":"StilEuropa","article_published_time":"2024-12-02T19:27:58+00:00","article_modified_time":"2024-12-02T19:29:57+00:00","og_image":[{"width":1024,"height":576,"url":"https:\/\/stileuropa.com\/wp-content\/uploads\/2024\/12\/4d694d1f-3b12-4888-ae55-b02151e8164b.png","type":"image\/png"}],"author":"wenom-seo","twitter_card":"summary_large_image","twitter_misc":{"Yazan:":"wenom-seo","Tahmini okuma s\u00fcresi":"32 dakika"},"schema":{"@context":"https:\/\/schema.org","@graph":[{"@type":"Article","@id":"https:\/\/stileuropa.com\/tr\/kanepe-secimi-icin-en-iyi-ipuclari-oturma-odasi-dekorunuz-icin-modern-kanepeler\/#article","isPartOf":{"@id":"https:\/\/stileuropa.com\/tr\/kanepe-secimi-icin-en-iyi-ipuclari-oturma-odasi-dekorunuz-icin-modern-kanepeler\/"},"author":{"name":"wenom-seo","@id":"https:\/\/stileuropa.com\/#\/schema\/person\/ab2b28bca382cc12973c96c8a6b10c0e"},"headline":"Kanepe Se\u00e7imi \u0130\u00e7in En \u0130yi \u0130pu\u00e7lar\u0131: Oturma Odas\u0131 Dekorunuz \u0130\u00e7in Modern Kanepeler","datePublished":"2024-12-02T19:27:58+00:00","dateModified":"2024-12-02T19:29:57+00:00","mainEntityOfPage":{"@id":"https:\/\/stileuropa.com\/tr\/kanepe-secimi-icin-en-iyi-ipuclari-oturma-odasi-dekorunuz-icin-modern-kanepeler\/"},"wordCount":6912,"commentCount":0,"publisher":{"@id":"https:\/\/stileuropa.com\/#organization"},"image":{"@id":"https:\/\/stileuropa.com\/tr\/kanepe-secimi-icin-en-iyi-ipuclari-oturma-odasi-dekorunuz-icin-modern-kanepeler\/#primaryimage"},"thumbnailUrl":"https:\/\/stileuropa.com\/wp-content\/uploads\/2024\/12\/4d694d1f-3b12-4888-ae55-b02151e8164b.png","articleSection":["Uncategorized @tr"],"inLanguage":"tr","potentialAction":[{"@type":"CommentAction","name":"Comment","target":["https:\/\/stileuropa.com\/tr\/kanepe-secimi-icin-en-iyi-ipuclari-oturma-odasi-dekorunuz-icin-modern-kanepeler\/#respond"]}]},{"@type":"WebPage","@id":"https:\/\/stileuropa.com\/tr\/kanepe-secimi-icin-en-iyi-ipuclari-oturma-odasi-dekorunuz-icin-modern-kanepeler\/","url":"https:\/\/stileuropa.com\/tr\/kanepe-secimi-icin-en-iyi-ipuclari-oturma-odasi-dekorunuz-icin-modern-kanepeler\/","name":"Kanepe Se\u00e7imi \u0130\u00e7in En \u0130yi \u0130pu\u00e7lar\u0131: Oturma Odas\u0131 Dekorunuz \u0130\u00e7in Modern Kanepeler - StilEuropa","isPartOf":{"@id":"https:\/\/stileuropa.com\/#website"},"primaryImageOfPage":{"@id":"https:\/\/stileuropa.com\/tr\/kanepe-secimi-icin-en-iyi-ipuclari-oturma-odasi-dekorunuz-icin-modern-kanepeler\/#primaryimage"},"image":{"@id":"https:\/\/stileuropa.com\/tr\/kanepe-secimi-icin-en-iyi-ipuclari-oturma-odasi-dekorunuz-icin-modern-kanepeler\/#primaryimage"},"thumbnailUrl":"https:\/\/stileuropa.com\/wp-content\/uploads\/2024\/12\/4d694d1f-3b12-4888-ae55-b02151e8164b.png","datePublished":"2024-12-02T19:27:58+00:00","dateModified":"2024-12-02T19:29:57+00:00","breadcrumb":{"@id":"https:\/\/stileuropa.com\/tr\/kanepe-secimi-icin-en-iyi-ipuclari-oturma-odasi-dekorunuz-icin-modern-kanepeler\/#breadcrumb"},"inLanguage":"tr","potentialAction":[{"@type":"ReadAction","target":["https:\/\/stileuropa.com\/tr\/kanepe-secimi-icin-en-iyi-ipuclari-oturma-odasi-dekorunuz-icin-modern-kanepeler\/"]}]},{"@type":"ImageObject","inLanguage":"tr","@id":"https:\/\/stileuropa.com\/tr\/kanepe-secimi-icin-en-iyi-ipuclari-oturma-odasi-dekorunuz-icin-modern-kanepeler\/#primaryimage","url":"https:\/\/stileuropa.com\/wp-content\/uploads\/2024\/12\/4d694d1f-3b12-4888-ae55-b02151e8164b.png","contentUrl":"https:\/\/stileuropa.com\/wp-content\/uploads\/2024\/12\/4d694d1f-3b12-4888-ae55-b02151e8164b.png"},{"@type":"BreadcrumbList","@id":"https:\/\/stileuropa.com\/tr\/kanepe-secimi-icin-en-iyi-ipuclari-oturma-odasi-dekorunuz-icin-modern-kanepeler\/#breadcrumb","itemListElement":[{"@type":"ListItem","position":1,"name":"Home","item":"https:\/\/stileuropa.com\/"},{"@type":"ListItem","position":2,"name":"Kanepe Se\u00e7imi \u0130\u00e7in En \u0130yi \u0130pu\u00e7lar\u0131: Oturma Odas\u0131 Dekorunuz \u0130\u00e7in Modern Kanepeler"}]},{"@type":"WebSite","@id":"https:\/\/stileuropa.com\/#website","url":"https:\/\/stileuropa.com\/","name":"StilEuropa","description":"","publisher":{"@id":"https:\/\/stileuropa.com\/#organization"},"potentialAction":[{"@type":"SearchAction","target":{"@type":"EntryPoint","urlTemplate":"https:\/\/stileuropa.com\/?s={search_term_string}"},"query-input":{"@type":"PropertyValueSpecification","valueRequired":true,"valueName":"search_term_string"}}],"inLanguage":"tr"},{"@type":"Organization","@id":"https:\/\/stileuropa.com\/#organization","name":"StilEuropa","url":"https:\/\/stileuropa.com\/","logo":{"@type":"ImageObject","inLanguage":"tr","@id":"https:\/\/stileuropa.com\/#\/schema\/logo\/image\/","url":"https:\/\/stileuropa.com\/wp-content\/uploads\/2024\/08\/styleuropa-logo-black.webp","contentUrl":"https:\/\/stileuropa.com\/wp-content\/uploads\/2024\/08\/styleuropa-logo-black.webp","width":501,"height":53,"caption":"StilEuropa"},"image":{"@id":"https:\/\/stileuropa.com\/#\/schema\/logo\/image\/"}},{"@type":"Person","@id":"https:\/\/stileuropa.com\/#\/schema\/person\/ab2b28bca382cc12973c96c8a6b10c0e","name":"wenom-seo"}]}},"_links":{"self":[{"href":"https:\/\/stileuropa.com\/tr\/wp-json\/wp\/v2\/posts\/15166","targetHints":{"allow":["GET"]}}],"collection":[{"href":"https:\/\/stileuropa.com\/tr\/wp-json\/wp\/v2\/posts"}],"about":[{"href":"https:\/\/stileuropa.com\/tr\/wp-json\/wp\/v2\/types\/post"}],"author":[{"embeddable":true,"href":"https:\/\/stileuropa.com\/tr\/wp-json\/wp\/v2\/users\/8"}],"replies":[{"embeddable":true,"href":"https:\/\/stileuropa.com\/tr\/wp-json\/wp\/v2\/comments?post=15166"}],"version-history":[{"count":0,"href":"https:\/\/stileuropa.com\/tr\/wp-json\/wp\/v2\/posts\/15166\/revisions"}],"wp:attachment":[{"href":"https:\/\/stileuropa.com\/tr\/wp-json\/wp\/v2\/media?parent=15166"}],"wp:term":[{"taxonomy":"category","embeddable":true,"href":"https:\/\/stileuropa.com\/tr\/wp-json\/wp\/v2\/categories?post=15166"},{"taxonomy":"post_tag","embeddable":true,"href":"https:\/\/stileuropa.com\/tr\/wp-json\/wp\/v2\/tags?post=15166"}],"curies":[{"name":"wp","href":"https:\/\/api.w.org\/{rel}","templated":true}]}}