{"id":10511,"date":"2024-06-24T14:30:46","date_gmt":"2024-06-24T11:30:46","guid":{"rendered":"https:\/\/stileuropa.com\/perle-koltuk-takimi-ile-zamansiz-zarafeti-kesfedin\/"},"modified":"2024-11-01T13:06:53","modified_gmt":"2024-11-01T10:06:53","slug":"perle-koltuk-takimi-ile-zamansiz-zarafeti-kesfedin","status":"publish","type":"post","link":"https:\/\/stileuropa.com\/tr\/perle-koltuk-takimi-ile-zamansiz-zarafeti-kesfedin\/","title":{"rendered":"Perle Koltuk Tak\u0131m\u0131 ile Zamans\u0131z Zarafeti Ke\u015ffedin"},"content":{"rendered":"<p>Klasik Tasar\u0131m Modern Konforla Bulu\u015fuyor<\/p><p>Perle Koltuk Tak\u0131m\u0131&#8217;n\u0131 tan\u0131t\u0131yoruz; zamans\u0131z zarafetin modern konforla bulu\u015ftu\u011fu yer. Bu muhte\u015fem par\u00e7a, ya\u015fam alan\u0131n\u0131za sofistike ve s\u0131cak bir dokunu\u015f katmak i\u00e7in tasarlanm\u0131\u015ft\u0131r ve her ev i\u00e7in m\u00fckemmel bir ekleme haline gelir. <\/p><h3 class=\"wp-block-heading\">Zarif Estetik<\/h3><p>Perle Koltuk Tak\u0131m\u0131, zarif k\u0131vr\u0131mlara ve ince detaylara sahip klasik bir tasar\u0131ma sahiptir. Zengin d\u00f6\u015femesi ve ince i\u015f\u00e7ili\u011fi, kaliteye ve stile olan ba\u011fl\u0131l\u0131\u011f\u0131 yans\u0131t\u0131r. Geleneksel veya \u00e7a\u011fda\u015f bir ortamda yer alsa da, bu koltuk tak\u0131m\u0131 oturma odan\u0131z\u0131n genel esteti\u011fini art\u0131r\u0131r.  <\/p><h3 class=\"wp-block-heading\">Ola\u011fan\u00fcst\u00fc Konfor<\/h3><p>Perle Koltuk Tak\u0131m\u0131 ile e\u015fsiz bir konfor deneyimi ya\u015fay\u0131n. Yumu\u015fak yast\u0131klar\u0131 ve ergonomik tasar\u0131m\u0131, m\u00fckemmel destek sunarak rahat bir oturum deneyimi sa\u011flar. Derin oturumlar ve y\u00fcksek s\u0131rt yaslama yerleri, uzun bir g\u00fcn\u00fcn ard\u0131ndan i\u00e7ine g\u00f6m\u00fcl\u00fcp dinlenmenize olanak tan\u0131r.  <\/p><h3 class=\"wp-block-heading\">\u00c7ok Y\u00f6nl\u00fc Zarafet<\/h3><p>Bu koltuk tak\u0131m\u0131, farkl\u0131 i\u00e7 mekan tasar\u0131m temalar\u0131na m\u00fckemmel bir \u015fekilde uyum sa\u011flayacak \u015fekilde tasarlanm\u0131\u015ft\u0131r. N\u00f6tr rengi ve zamans\u0131z tasar\u0131m\u0131, her t\u00fcrl\u00fc dekorla uyumlu \u00e7ok y\u00f6nl\u00fc bir se\u00e7enek haline getirir. Evinizde s\u0131cak ama sofistike bir atmosfer yaratmak i\u00e7in idealdir.  <\/p><h3 class=\"wp-block-heading\">Dayan\u0131kl\u0131l\u0131k ve Kolay Bak\u0131m<\/h3><p>Perle Koltuk Tak\u0131m\u0131, uzun \u00f6m\u00fcrl\u00fc olmas\u0131n\u0131 sa\u011flayan sa\u011flam bir \u00e7er\u00e7eve ve y\u00fcksek kaliteli malzemelerle \u00fcretilmi\u015ftir. D\u00f6\u015femesi sadece l\u00fcks de\u011fil, ayn\u0131 zamanda bak\u0131m\u0131 da kolayd\u0131r. Basit temizlik y\u00f6ntemleri, koltu\u011funuzun y\u0131llar boyunca g\u00fczel g\u00f6r\u00fcnmesini sa\u011flar.  <\/p><h3 class=\"wp-block-heading\">\u015e\u0131kl\u0131k ve \u0130\u015flevselli\u011fin M\u00fckemmel Uyumu<\/h3><p>Sonu\u00e7 olarak, Perle Koltuk Tak\u0131m\u0131, stil, konfor ve dayan\u0131kl\u0131l\u0131\u011f\u0131n m\u00fckemmel bir birle\u015fimini sunar. Zarif esteti\u011fi, ola\u011fan\u00fcst\u00fc konforu ve \u00e7ok y\u00f6nl\u00fc zarafeti, ya\u015fam alan\u0131n\u0131 geli\u015ftirmek isteyenler i\u00e7in ideal bir se\u00e7enek haline getirir. <\/p><hr class=\"wp-block-separator has-alpha-channel-opacity\"\/><h3 class=\"wp-block-heading\">Evinizi Bug\u00fcn Y\u00fckseltin<\/h3><p>Evlerinize zamans\u0131z zarafet katma f\u0131rsat\u0131n\u0131 ka\u00e7\u0131rmay\u0131n; Perle Koltuk Tak\u0131m\u0131 ile tan\u0131\u015f\u0131n. M\u00fckemmel klasik tasar\u0131m ve modern konfor kombinasyonunu deneyimlemek i\u00e7in ma\u011fazam\u0131z\u0131 ziyaret edin veya <a href=\"\/shop\">\u00e7evrimi\u00e7i al\u0131\u015fveri\u015f yap\u0131n<\/a>. <\/p>","protected":false},"excerpt":{"rendered":"<p>Klasik Tasar\u0131m Modern Konforla Bulu\u015fuyor Perle Koltuk Tak\u0131m\u0131&#8217;n\u0131 tan\u0131t\u0131yoruz; zamans\u0131z zarafetin modern konforla bulu\u015ftu\u011fu yer. Bu muhte\u015fem par\u00e7a, ya\u015fam alan\u0131n\u0131za sofistike ve s\u0131cak bir dokunu\u015f katmak i\u00e7in tasarlanm\u0131\u015ft\u0131r ve her ev i\u00e7in m\u00fckemmel bir ekleme haline gelir. Zarif Estetik Perle Koltuk Tak\u0131m\u0131, zarif k\u0131vr\u0131mlara ve ince detaylara sahip klasik bir tasar\u0131ma sahiptir. Zengin d\u00f6\u015femesi ve [&hellip;]<\/p>\n","protected":false},"author":1,"featured_media":6648,"comment_status":"open","ping_status":"open","sticky":false,"template":"","format":"standard","meta":{"footnotes":""},"categories":[127],"tags":[],"class_list":["post-10511","post","type-post","status-publish","format-standard","has-post-thumbnail","hentry","category-uncategorized-tr"],"yoast_head":"<!-- This site is optimized with the Yoast SEO plugin v24.9 - https:\/\/yoast.com\/wordpress\/plugins\/seo\/ -->\n<title>Perle Koltuk Tak\u0131m\u0131 ile Zamans\u0131z Zarafeti Ke\u015ffedin - StilEuropa<\/title>\n<meta name=\"description\" content=\"Perle Koltuk Tak\u0131m\u0131&#039;n\u0131 tan\u0131t\u0131yoruz; zamans\u0131z zarafetin modern konforla bulu\u015ftu\u011fu yer. Bu muhte\u015fem par\u00e7a, sofistike bir hava katmak i\u00e7in tasarland\u0131...\" \/>\n<meta name=\"robots\" content=\"index, follow, max-snippet:-1, max-image-preview:large, max-video-preview:-1\" \/>\n<link rel=\"canonical\" href=\"https:\/\/stileuropa.com\/tr\/perle-koltuk-takimi-ile-zamansiz-zarafeti-kesfedin\/\" \/>\n<meta property=\"og:locale\" content=\"tr_TR\" \/>\n<meta property=\"og:type\" content=\"article\" \/>\n<meta property=\"og:title\" content=\"Perle Koltuk Tak\u0131m\u0131 ile Zamans\u0131z Zarafeti Ke\u015ffedin - StilEuropa\" \/>\n<meta property=\"og:description\" content=\"Perle Koltuk Tak\u0131m\u0131&#039;n\u0131 tan\u0131t\u0131yoruz; zamans\u0131z zarafetin modern konforla bulu\u015ftu\u011fu yer. Bu muhte\u015fem par\u00e7a, sofistike bir hava katmak i\u00e7in tasarland\u0131...\" \/>\n<meta property=\"og:url\" content=\"https:\/\/stileuropa.com\/tr\/perle-koltuk-takimi-ile-zamansiz-zarafeti-kesfedin\/\" \/>\n<meta property=\"og:site_name\" content=\"StilEuropa\" \/>\n<meta property=\"article:published_time\" content=\"2024-06-24T11:30:46+00:00\" \/>\n<meta property=\"article:modified_time\" content=\"2024-11-01T10:06:53+00:00\" \/>\n<meta property=\"og:image\" content=\"https:\/\/stileuropa.com\/wp-content\/uploads\/2024\/07\/SEK000006-1.webp\" \/>\n\t<meta property=\"og:image:width\" content=\"1600\" \/>\n\t<meta property=\"og:image:height\" content=\"1126\" \/>\n\t<meta property=\"og:image:type\" content=\"image\/webp\" \/>\n<meta name=\"author\" content=\"admin\" \/>\n<meta name=\"twitter:card\" content=\"summary_large_image\" \/>\n<meta name=\"twitter:label1\" content=\"Yazan:\" \/>\n\t<meta name=\"twitter:data1\" content=\"admin\" \/>\n\t<meta name=\"twitter:label2\" content=\"Tahmini okuma s\u00fcresi\" \/>\n\t<meta name=\"twitter:data2\" content=\"2 dakika\" \/>\n<script type=\"application\/ld+json\" class=\"yoast-schema-graph\">{\"@context\":\"https:\/\/schema.org\",\"@graph\":[{\"@type\":\"Article\",\"@id\":\"https:\/\/stileuropa.com\/tr\/perle-koltuk-takimi-ile-zamansiz-zarafeti-kesfedin\/#article\",\"isPartOf\":{\"@id\":\"https:\/\/stileuropa.com\/tr\/perle-koltuk-takimi-ile-zamansiz-zarafeti-kesfedin\/\"},\"author\":{\"name\":\"admin\",\"@id\":\"https:\/\/stileuropa.com\/#\/schema\/person\/10861706a2ebceaef41a10daa4514403\"},\"headline\":\"Perle Koltuk Tak\u0131m\u0131 ile Zamans\u0131z Zarafeti Ke\u015ffedin\",\"datePublished\":\"2024-06-24T11:30:46+00:00\",\"dateModified\":\"2024-11-01T10:06:53+00:00\",\"mainEntityOfPage\":{\"@id\":\"https:\/\/stileuropa.com\/tr\/perle-koltuk-takimi-ile-zamansiz-zarafeti-kesfedin\/\"},\"wordCount\":408,\"commentCount\":0,\"publisher\":{\"@id\":\"https:\/\/stileuropa.com\/#organization\"},\"image\":{\"@id\":\"https:\/\/stileuropa.com\/tr\/perle-koltuk-takimi-ile-zamansiz-zarafeti-kesfedin\/#primaryimage\"},\"thumbnailUrl\":\"https:\/\/stileuropa.com\/wp-content\/uploads\/2024\/07\/SEK000006-1.webp\",\"articleSection\":[\"Uncategorized @tr\"],\"inLanguage\":\"tr\",\"potentialAction\":[{\"@type\":\"CommentAction\",\"name\":\"Comment\",\"target\":[\"https:\/\/stileuropa.com\/tr\/perle-koltuk-takimi-ile-zamansiz-zarafeti-kesfedin\/#respond\"]}]},{\"@type\":\"WebPage\",\"@id\":\"https:\/\/stileuropa.com\/tr\/perle-koltuk-takimi-ile-zamansiz-zarafeti-kesfedin\/\",\"url\":\"https:\/\/stileuropa.com\/tr\/perle-koltuk-takimi-ile-zamansiz-zarafeti-kesfedin\/\",\"name\":\"Perle Koltuk Tak\u0131m\u0131 ile Zamans\u0131z Zarafeti Ke\u015ffedin - StilEuropa\",\"isPartOf\":{\"@id\":\"https:\/\/stileuropa.com\/#website\"},\"primaryImageOfPage\":{\"@id\":\"https:\/\/stileuropa.com\/tr\/perle-koltuk-takimi-ile-zamansiz-zarafeti-kesfedin\/#primaryimage\"},\"image\":{\"@id\":\"https:\/\/stileuropa.com\/tr\/perle-koltuk-takimi-ile-zamansiz-zarafeti-kesfedin\/#primaryimage\"},\"thumbnailUrl\":\"https:\/\/stileuropa.com\/wp-content\/uploads\/2024\/07\/SEK000006-1.webp\",\"datePublished\":\"2024-06-24T11:30:46+00:00\",\"dateModified\":\"2024-11-01T10:06:53+00:00\",\"description\":\"Perle Koltuk Tak\u0131m\u0131'n\u0131 tan\u0131t\u0131yoruz; zamans\u0131z zarafetin modern konforla bulu\u015ftu\u011fu yer. Bu muhte\u015fem par\u00e7a, sofistike bir hava katmak i\u00e7in tasarland\u0131...\",\"breadcrumb\":{\"@id\":\"https:\/\/stileuropa.com\/tr\/perle-koltuk-takimi-ile-zamansiz-zarafeti-kesfedin\/#breadcrumb\"},\"inLanguage\":\"tr\",\"potentialAction\":[{\"@type\":\"ReadAction\",\"target\":[\"https:\/\/stileuropa.com\/tr\/perle-koltuk-takimi-ile-zamansiz-zarafeti-kesfedin\/\"]}]},{\"@type\":\"ImageObject\",\"inLanguage\":\"tr\",\"@id\":\"https:\/\/stileuropa.com\/tr\/perle-koltuk-takimi-ile-zamansiz-zarafeti-kesfedin\/#primaryimage\",\"url\":\"https:\/\/stileuropa.com\/wp-content\/uploads\/2024\/07\/SEK000006-1.webp\",\"contentUrl\":\"https:\/\/stileuropa.com\/wp-content\/uploads\/2024\/07\/SEK000006-1.webp\",\"width\":1600,\"height\":1126},{\"@type\":\"BreadcrumbList\",\"@id\":\"https:\/\/stileuropa.com\/tr\/perle-koltuk-takimi-ile-zamansiz-zarafeti-kesfedin\/#breadcrumb\",\"itemListElement\":[{\"@type\":\"ListItem\",\"position\":1,\"name\":\"Home\",\"item\":\"https:\/\/stileuropa.com\/\"},{\"@type\":\"ListItem\",\"position\":2,\"name\":\"Perle Koltuk Tak\u0131m\u0131 ile Zamans\u0131z Zarafeti Ke\u015ffedin\"}]},{\"@type\":\"WebSite\",\"@id\":\"https:\/\/stileuropa.com\/#website\",\"url\":\"https:\/\/stileuropa.com\/\",\"name\":\"StilEuropa\",\"description\":\"\",\"publisher\":{\"@id\":\"https:\/\/stileuropa.com\/#organization\"},\"potentialAction\":[{\"@type\":\"SearchAction\",\"target\":{\"@type\":\"EntryPoint\",\"urlTemplate\":\"https:\/\/stileuropa.com\/?s={search_term_string}\"},\"query-input\":{\"@type\":\"PropertyValueSpecification\",\"valueRequired\":true,\"valueName\":\"search_term_string\"}}],\"inLanguage\":\"tr\"},{\"@type\":\"Organization\",\"@id\":\"https:\/\/stileuropa.com\/#organization\",\"name\":\"StilEuropa\",\"url\":\"https:\/\/stileuropa.com\/\",\"logo\":{\"@type\":\"ImageObject\",\"inLanguage\":\"tr\",\"@id\":\"https:\/\/stileuropa.com\/#\/schema\/logo\/image\/\",\"url\":\"https:\/\/stileuropa.com\/wp-content\/uploads\/2024\/08\/styleuropa-logo-black.webp\",\"contentUrl\":\"https:\/\/stileuropa.com\/wp-content\/uploads\/2024\/08\/styleuropa-logo-black.webp\",\"width\":501,\"height\":53,\"caption\":\"StilEuropa\"},\"image\":{\"@id\":\"https:\/\/stileuropa.com\/#\/schema\/logo\/image\/\"}},{\"@type\":\"Person\",\"@id\":\"https:\/\/stileuropa.com\/#\/schema\/person\/10861706a2ebceaef41a10daa4514403\",\"name\":\"admin\",\"sameAs\":[\"https:\/\/stileuropa.com\"]}]}<\/script>\n<!-- \/ Yoast SEO plugin. -->","yoast_head_json":{"title":"Perle Koltuk Tak\u0131m\u0131 ile Zamans\u0131z Zarafeti Ke\u015ffedin - StilEuropa","description":"Perle Koltuk Tak\u0131m\u0131'n\u0131 tan\u0131t\u0131yoruz; zamans\u0131z zarafetin modern konforla bulu\u015ftu\u011fu yer. Bu muhte\u015fem par\u00e7a, sofistike bir hava katmak i\u00e7in tasarland\u0131...","robots":{"index":"index","follow":"follow","max-snippet":"max-snippet:-1","max-image-preview":"max-image-preview:large","max-video-preview":"max-video-preview:-1"},"canonical":"https:\/\/stileuropa.com\/tr\/perle-koltuk-takimi-ile-zamansiz-zarafeti-kesfedin\/","og_locale":"tr_TR","og_type":"article","og_title":"Perle Koltuk Tak\u0131m\u0131 ile Zamans\u0131z Zarafeti Ke\u015ffedin - StilEuropa","og_description":"Perle Koltuk Tak\u0131m\u0131'n\u0131 tan\u0131t\u0131yoruz; zamans\u0131z zarafetin modern konforla bulu\u015ftu\u011fu yer. Bu muhte\u015fem par\u00e7a, sofistike bir hava katmak i\u00e7in tasarland\u0131...","og_url":"https:\/\/stileuropa.com\/tr\/perle-koltuk-takimi-ile-zamansiz-zarafeti-kesfedin\/","og_site_name":"StilEuropa","article_published_time":"2024-06-24T11:30:46+00:00","article_modified_time":"2024-11-01T10:06:53+00:00","og_image":[{"width":1600,"height":1126,"url":"https:\/\/stileuropa.com\/wp-content\/uploads\/2024\/07\/SEK000006-1.webp","type":"image\/webp"}],"author":"admin","twitter_card":"summary_large_image","twitter_misc":{"Yazan:":"admin","Tahmini okuma s\u00fcresi":"2 dakika"},"schema":{"@context":"https:\/\/schema.org","@graph":[{"@type":"Article","@id":"https:\/\/stileuropa.com\/tr\/perle-koltuk-takimi-ile-zamansiz-zarafeti-kesfedin\/#article","isPartOf":{"@id":"https:\/\/stileuropa.com\/tr\/perle-koltuk-takimi-ile-zamansiz-zarafeti-kesfedin\/"},"author":{"name":"admin","@id":"https:\/\/stileuropa.com\/#\/schema\/person\/10861706a2ebceaef41a10daa4514403"},"headline":"Perle Koltuk Tak\u0131m\u0131 ile Zamans\u0131z Zarafeti Ke\u015ffedin","datePublished":"2024-06-24T11:30:46+00:00","dateModified":"2024-11-01T10:06:53+00:00","mainEntityOfPage":{"@id":"https:\/\/stileuropa.com\/tr\/perle-koltuk-takimi-ile-zamansiz-zarafeti-kesfedin\/"},"wordCount":408,"commentCount":0,"publisher":{"@id":"https:\/\/stileuropa.com\/#organization"},"image":{"@id":"https:\/\/stileuropa.com\/tr\/perle-koltuk-takimi-ile-zamansiz-zarafeti-kesfedin\/#primaryimage"},"thumbnailUrl":"https:\/\/stileuropa.com\/wp-content\/uploads\/2024\/07\/SEK000006-1.webp","articleSection":["Uncategorized @tr"],"inLanguage":"tr","potentialAction":[{"@type":"CommentAction","name":"Comment","target":["https:\/\/stileuropa.com\/tr\/perle-koltuk-takimi-ile-zamansiz-zarafeti-kesfedin\/#respond"]}]},{"@type":"WebPage","@id":"https:\/\/stileuropa.com\/tr\/perle-koltuk-takimi-ile-zamansiz-zarafeti-kesfedin\/","url":"https:\/\/stileuropa.com\/tr\/perle-koltuk-takimi-ile-zamansiz-zarafeti-kesfedin\/","name":"Perle Koltuk Tak\u0131m\u0131 ile Zamans\u0131z Zarafeti Ke\u015ffedin - StilEuropa","isPartOf":{"@id":"https:\/\/stileuropa.com\/#website"},"primaryImageOfPage":{"@id":"https:\/\/stileuropa.com\/tr\/perle-koltuk-takimi-ile-zamansiz-zarafeti-kesfedin\/#primaryimage"},"image":{"@id":"https:\/\/stileuropa.com\/tr\/perle-koltuk-takimi-ile-zamansiz-zarafeti-kesfedin\/#primaryimage"},"thumbnailUrl":"https:\/\/stileuropa.com\/wp-content\/uploads\/2024\/07\/SEK000006-1.webp","datePublished":"2024-06-24T11:30:46+00:00","dateModified":"2024-11-01T10:06:53+00:00","description":"Perle Koltuk Tak\u0131m\u0131'n\u0131 tan\u0131t\u0131yoruz; zamans\u0131z zarafetin modern konforla bulu\u015ftu\u011fu yer. Bu muhte\u015fem par\u00e7a, sofistike bir hava katmak i\u00e7in tasarland\u0131...","breadcrumb":{"@id":"https:\/\/stileuropa.com\/tr\/perle-koltuk-takimi-ile-zamansiz-zarafeti-kesfedin\/#breadcrumb"},"inLanguage":"tr","potentialAction":[{"@type":"ReadAction","target":["https:\/\/stileuropa.com\/tr\/perle-koltuk-takimi-ile-zamansiz-zarafeti-kesfedin\/"]}]},{"@type":"ImageObject","inLanguage":"tr","@id":"https:\/\/stileuropa.com\/tr\/perle-koltuk-takimi-ile-zamansiz-zarafeti-kesfedin\/#primaryimage","url":"https:\/\/stileuropa.com\/wp-content\/uploads\/2024\/07\/SEK000006-1.webp","contentUrl":"https:\/\/stileuropa.com\/wp-content\/uploads\/2024\/07\/SEK000006-1.webp","width":1600,"height":1126},{"@type":"BreadcrumbList","@id":"https:\/\/stileuropa.com\/tr\/perle-koltuk-takimi-ile-zamansiz-zarafeti-kesfedin\/#breadcrumb","itemListElement":[{"@type":"ListItem","position":1,"name":"Home","item":"https:\/\/stileuropa.com\/"},{"@type":"ListItem","position":2,"name":"Perle Koltuk Tak\u0131m\u0131 ile Zamans\u0131z Zarafeti Ke\u015ffedin"}]},{"@type":"WebSite","@id":"https:\/\/stileuropa.com\/#website","url":"https:\/\/stileuropa.com\/","name":"StilEuropa","description":"","publisher":{"@id":"https:\/\/stileuropa.com\/#organization"},"potentialAction":[{"@type":"SearchAction","target":{"@type":"EntryPoint","urlTemplate":"https:\/\/stileuropa.com\/?s={search_term_string}"},"query-input":{"@type":"PropertyValueSpecification","valueRequired":true,"valueName":"search_term_string"}}],"inLanguage":"tr"},{"@type":"Organization","@id":"https:\/\/stileuropa.com\/#organization","name":"StilEuropa","url":"https:\/\/stileuropa.com\/","logo":{"@type":"ImageObject","inLanguage":"tr","@id":"https:\/\/stileuropa.com\/#\/schema\/logo\/image\/","url":"https:\/\/stileuropa.com\/wp-content\/uploads\/2024\/08\/styleuropa-logo-black.webp","contentUrl":"https:\/\/stileuropa.com\/wp-content\/uploads\/2024\/08\/styleuropa-logo-black.webp","width":501,"height":53,"caption":"StilEuropa"},"image":{"@id":"https:\/\/stileuropa.com\/#\/schema\/logo\/image\/"}},{"@type":"Person","@id":"https:\/\/stileuropa.com\/#\/schema\/person\/10861706a2ebceaef41a10daa4514403","name":"admin","sameAs":["https:\/\/stileuropa.com"]}]}},"_links":{"self":[{"href":"https:\/\/stileuropa.com\/tr\/wp-json\/wp\/v2\/posts\/10511","targetHints":{"allow":["GET"]}}],"collection":[{"href":"https:\/\/stileuropa.com\/tr\/wp-json\/wp\/v2\/posts"}],"about":[{"href":"https:\/\/stileuropa.com\/tr\/wp-json\/wp\/v2\/types\/post"}],"author":[{"embeddable":true,"href":"https:\/\/stileuropa.com\/tr\/wp-json\/wp\/v2\/users\/1"}],"replies":[{"embeddable":true,"href":"https:\/\/stileuropa.com\/tr\/wp-json\/wp\/v2\/comments?post=10511"}],"version-history":[{"count":0,"href":"https:\/\/stileuropa.com\/tr\/wp-json\/wp\/v2\/posts\/10511\/revisions"}],"wp:featuredmedia":[{"embeddable":true,"href":"https:\/\/stileuropa.com\/tr\/wp-json\/wp\/v2\/media\/6648"}],"wp:attachment":[{"href":"https:\/\/stileuropa.com\/tr\/wp-json\/wp\/v2\/media?parent=10511"}],"wp:term":[{"taxonomy":"category","embeddable":true,"href":"https:\/\/stileuropa.com\/tr\/wp-json\/wp\/v2\/categories?post=10511"},{"taxonomy":"post_tag","embeddable":true,"href":"https:\/\/stileuropa.com\/tr\/wp-json\/wp\/v2\/tags?post=10511"}],"curies":[{"name":"wp","href":"https:\/\/api.w.org\/{rel}","templated":true}]}}