{"id":10509,"date":"2024-06-24T14:31:10","date_gmt":"2024-06-24T11:31:10","guid":{"rendered":"https:\/\/stileuropa.com\/transform-your-space-with-the-fox-sofa-set\/"},"modified":"2024-11-01T13:03:49","modified_gmt":"2024-11-01T10:03:49","slug":"transform-your-space-with-the-fox-sofa-set","status":"publish","type":"post","link":"https:\/\/stileuropa.com\/tr\/transform-your-space-with-the-fox-sofa-set\/","title":{"rendered":"Transform Your Space with the Fox Sofa Set"},"content":{"rendered":"<p>Oturma Odas\u0131&#8217;n\u0131n Kalbi<\/p><p>Ev dekorasyonunda, kanepe genellikle oturma odas\u0131n\u0131n odak noktas\u0131d\u0131r. Fox Koltuk Tak\u0131m\u0131, \u015f\u0131kl\u0131k ve i\u015flevselli\u011fi m\u00fckemmel bir \u015fekilde harmanlayarak, her ev dekorasyonu i\u00e7in vazge\u00e7ilmez bir ekleme d\u00f6n\u00fc\u015f\u00fcyor. <\/p><h3 class=\"wp-block-heading\">Sofistike Tasar\u0131m<\/h3><p>Fox Koltuk Tak\u0131m\u0131, sofistike bir hava yans\u0131tan \u00e7a\u011fda\u015f bir tasar\u0131ma sahiptir. \u0130nce hatlar\u0131 ve modern silueti, herhangi bir ya\u015fam alan\u0131n\u0131n esteti\u011fini art\u0131rabilecek dikkat \u00e7ekici bir par\u00e7a olmas\u0131n\u0131 sa\u011flar. D\u00f6\u015femede kullan\u0131lan n\u00f6tr tonlar, geni\u015f bir renk paletiyle uyum sa\u011flayarak mevcut dekorunuza zahmetsizce entegre etmenize olanak tan\u0131r.  <\/p><h3 class=\"wp-block-heading\">\u00c7ok Y\u00f6nl\u00fc Stil<\/h3><p>Fox Koltuk Tak\u0131m\u0131&#8217;n\u0131n dikkat \u00e7ekici \u00f6zelliklerinden biri \u00e7ok y\u00f6nl\u00fcl\u00fc\u011f\u00fcd\u00fcr. \u0130ster minimalist bir g\u00f6r\u00fcn\u00fcm\u00fc tercih edin, ister daha eklektik bir tarz\u0131, bu koltuk tak\u0131m\u0131 zevklerinize uyum sa\u011flayabilir. Canl\u0131 bir atmosfer yaratmak i\u00e7in onu cesur aksan yast\u0131klar\u0131 ve renkli bir \u00f6rt\u00fc ile birle\u015ftirebilir veya sade bir g\u00f6r\u00fcn\u00fcm i\u00e7in n\u00f6tr aksesuarlarla basit tutabilirsiniz.  <\/p><h3 class=\"wp-block-heading\">Dekorunuzu Geli\u015ftirmek<\/h3><p>Bu kanepe tak\u0131m\u0131, sadece bir mobilya par\u00e7as\u0131 de\u011fildir; genel dekor stratejinizdeki ana unsurlardan biridir. Fox Koltuk Tak\u0131m\u0131&#8217;n\u0131n sade zarafeti, ki\u015fisel tarz\u0131n\u0131z\u0131 ifade etmek i\u00e7in m\u00fckemmel bir zemin sunar. G\u00f6r\u00fcn\u00fcm\u00fc tamamlamak i\u00e7in dikkat \u00e7ekici bir hal\u0131, \u015f\u0131k bir kahve masas\u0131 ve g\u00f6z al\u0131c\u0131 duvar sanat\u0131 eklemeyi d\u00fc\u015f\u00fcn\u00fcn.  <\/p><h3 class=\"wp-block-heading\">Fonksiyonel Konfor<\/h3><p>\u015e\u0131k g\u00f6r\u00fcn\u00fcm\u00fcn\u00fcn yan\u0131 s\u0131ra, Fox Koltuk Tak\u0131m\u0131 ola\u011fan\u00fcst\u00fc bir konfor sunar. Yumu\u015fak yast\u0131klar\u0131 ve destekleyici s\u0131rt yaslama yerleri, siz ve misafirleriniz i\u00e7in rahat bir oturum deneyimi sa\u011flar. \u0130ster arkada\u015flar\u0131n\u0131z\u0131 a\u011f\u0131rl\u0131yor olun, ister huzurlu bir ak\u015fam ge\u00e7irin, bu kanepe tak\u0131m\u0131 dinlenmek i\u00e7in m\u00fckemmel bir alan sunar.  <\/p><h3 class=\"wp-block-heading\">Fox Koltuk Tak\u0131m\u0131 ile Dekore Etme \u0130pu\u00e7lar\u0131<\/h3><ol class=\"wp-block-list\"><li><strong>Dokular\u0131 Katmanlay\u0131n<\/strong>: Yumu\u015fak \u00f6rt\u00fcler, kadife yast\u0131klar ve y\u00fcn bir hal\u0131 gibi farkl\u0131 dokular\u0131 bir araya getirerek zengin ve davetkar bir atmosfer olu\u015fturun.<\/li>\n\n<li><strong>Ye\u015fillik Ekleyin<\/strong>: Oturma odan\u0131za biraz saks\u0131 bitkisi ekleyerek do\u011fan\u0131n ve tazeli\u011fin dokunu\u015funu kat\u0131n.<\/li>\n\n<li><strong>Ayd\u0131nlatmayla Oynay\u0131n<\/strong>: S\u0131cak ve davetkar bir atmosfer yaratmak i\u00e7in ayak lambalar\u0131, masa lambalar\u0131 ve tavan ayd\u0131nlatmas\u0131n\u0131 bir arada kullan\u0131n.<\/li>\n\n<li><strong>Ki\u015fisel Dokunu\u015flar<\/strong>: Mek\u00e2n\u0131 ger\u00e7ekten size ait k\u0131lmak i\u00e7in aile foto\u011fraflar\u0131, seyahat hat\u0131ralar\u0131 ve kitaplar gibi ki\u015fisel e\u015fyalar\u0131 dahil edin.<\/li><\/ol><h3 class=\"wp-block-heading\">Sonu\u00e7<\/h3><p>Fox Koltuk Tak\u0131m\u0131, stil, konfor ve \u00e7ok y\u00f6nl\u00fcl\u00fc\u011f\u00fcn m\u00fckemmel bir birle\u015fimidir. Bu \u015f\u0131k par\u00e7ay\u0131 evinize dahil ederek oturma odan\u0131z\u0131 \u015f\u0131k ve davetkar bir alana d\u00f6n\u00fc\u015ft\u00fcrebilirsiniz. \u0130ster t\u00fcm evinizi yeniden dekore ediyor olun, ister sadece oturma odan\u0131z\u0131 g\u00fcncelliyor olun, Fox Koltuk Tak\u0131m\u0131 harika bir se\u00e7imdir.  <\/p>","protected":false},"excerpt":{"rendered":"<p>Oturma Odas\u0131&#8217;n\u0131n Kalbi Ev dekorasyonunda, kanepe genellikle oturma odas\u0131n\u0131n odak noktas\u0131d\u0131r. Fox Koltuk Tak\u0131m\u0131, \u015f\u0131kl\u0131k ve i\u015flevselli\u011fi m\u00fckemmel bir \u015fekilde harmanlayarak, her ev dekorasyonu i\u00e7in vazge\u00e7ilmez bir ekleme d\u00f6n\u00fc\u015f\u00fcyor. Sofistike Tasar\u0131m Fox Koltuk Tak\u0131m\u0131, sofistike bir hava yans\u0131tan \u00e7a\u011fda\u015f bir tasar\u0131ma sahiptir. \u0130nce hatlar\u0131 ve modern silueti, herhangi bir ya\u015fam alan\u0131n\u0131n esteti\u011fini art\u0131rabilecek dikkat \u00e7ekici [&hellip;]<\/p>\n","protected":false},"author":1,"featured_media":6932,"comment_status":"open","ping_status":"open","sticky":false,"template":"","format":"standard","meta":{"footnotes":""},"categories":[127],"tags":[],"class_list":["post-10509","post","type-post","status-publish","format-standard","has-post-thumbnail","hentry","category-uncategorized-tr"],"yoast_head":"<!-- This site is optimized with the Yoast SEO plugin v24.9 - https:\/\/yoast.com\/wordpress\/plugins\/seo\/ -->\n<title>Transform Your Space with the Fox Sofa Set - StilEuropa<\/title>\n<meta name=\"description\" content=\"Fox Kanepe Tak\u0131m\u0131, zarafet ve i\u015flevselli\u011fin m\u00fckemmel bir birle\u015fimini sunarak, herhangi bir ev dekoruna kat\u0131lmas\u0131 gereken temel bir par\u00e7a haline getirir...\" \/>\n<meta name=\"robots\" content=\"index, follow, max-snippet:-1, max-image-preview:large, max-video-preview:-1\" \/>\n<link rel=\"canonical\" href=\"https:\/\/stileuropa.com\/tr\/transform-your-space-with-the-fox-sofa-set\/\" \/>\n<meta property=\"og:locale\" content=\"tr_TR\" \/>\n<meta property=\"og:type\" content=\"article\" \/>\n<meta property=\"og:title\" content=\"Transform Your Space with the Fox Sofa Set - StilEuropa\" \/>\n<meta property=\"og:description\" content=\"Fox Kanepe Tak\u0131m\u0131, zarafet ve i\u015flevselli\u011fin m\u00fckemmel bir birle\u015fimini sunarak, herhangi bir ev dekoruna kat\u0131lmas\u0131 gereken temel bir par\u00e7a haline getirir...\" \/>\n<meta property=\"og:url\" content=\"https:\/\/stileuropa.com\/tr\/transform-your-space-with-the-fox-sofa-set\/\" \/>\n<meta property=\"og:site_name\" content=\"StilEuropa\" \/>\n<meta property=\"article:published_time\" content=\"2024-06-24T11:31:10+00:00\" \/>\n<meta property=\"article:modified_time\" content=\"2024-11-01T10:03:49+00:00\" \/>\n<meta property=\"og:image\" content=\"https:\/\/stileuropa.com\/wp-content\/uploads\/2024\/07\/SEK000044-1.webp\" \/>\n\t<meta property=\"og:image:width\" content=\"1600\" \/>\n\t<meta property=\"og:image:height\" content=\"1067\" \/>\n\t<meta property=\"og:image:type\" content=\"image\/webp\" \/>\n<meta name=\"author\" content=\"admin\" \/>\n<meta name=\"twitter:card\" content=\"summary_large_image\" \/>\n<meta name=\"twitter:label1\" content=\"Yazan:\" \/>\n\t<meta name=\"twitter:data1\" content=\"admin\" \/>\n\t<meta name=\"twitter:label2\" content=\"Tahmini okuma s\u00fcresi\" \/>\n\t<meta name=\"twitter:data2\" content=\"2 dakika\" \/>\n<script type=\"application\/ld+json\" class=\"yoast-schema-graph\">{\"@context\":\"https:\/\/schema.org\",\"@graph\":[{\"@type\":\"Article\",\"@id\":\"https:\/\/stileuropa.com\/tr\/transform-your-space-with-the-fox-sofa-set\/#article\",\"isPartOf\":{\"@id\":\"https:\/\/stileuropa.com\/tr\/transform-your-space-with-the-fox-sofa-set\/\"},\"author\":{\"name\":\"admin\",\"@id\":\"https:\/\/stileuropa.com\/#\/schema\/person\/10861706a2ebceaef41a10daa4514403\"},\"headline\":\"Transform Your Space with the Fox Sofa Set\",\"datePublished\":\"2024-06-24T11:31:10+00:00\",\"dateModified\":\"2024-11-01T10:03:49+00:00\",\"mainEntityOfPage\":{\"@id\":\"https:\/\/stileuropa.com\/tr\/transform-your-space-with-the-fox-sofa-set\/\"},\"wordCount\":503,\"commentCount\":0,\"publisher\":{\"@id\":\"https:\/\/stileuropa.com\/#organization\"},\"image\":{\"@id\":\"https:\/\/stileuropa.com\/tr\/transform-your-space-with-the-fox-sofa-set\/#primaryimage\"},\"thumbnailUrl\":\"https:\/\/stileuropa.com\/wp-content\/uploads\/2024\/07\/SEK000044-1.webp\",\"articleSection\":[\"Uncategorized @tr\"],\"inLanguage\":\"tr\",\"potentialAction\":[{\"@type\":\"CommentAction\",\"name\":\"Comment\",\"target\":[\"https:\/\/stileuropa.com\/tr\/transform-your-space-with-the-fox-sofa-set\/#respond\"]}]},{\"@type\":\"WebPage\",\"@id\":\"https:\/\/stileuropa.com\/tr\/transform-your-space-with-the-fox-sofa-set\/\",\"url\":\"https:\/\/stileuropa.com\/tr\/transform-your-space-with-the-fox-sofa-set\/\",\"name\":\"Transform Your Space with the Fox Sofa Set - StilEuropa\",\"isPartOf\":{\"@id\":\"https:\/\/stileuropa.com\/#website\"},\"primaryImageOfPage\":{\"@id\":\"https:\/\/stileuropa.com\/tr\/transform-your-space-with-the-fox-sofa-set\/#primaryimage\"},\"image\":{\"@id\":\"https:\/\/stileuropa.com\/tr\/transform-your-space-with-the-fox-sofa-set\/#primaryimage\"},\"thumbnailUrl\":\"https:\/\/stileuropa.com\/wp-content\/uploads\/2024\/07\/SEK000044-1.webp\",\"datePublished\":\"2024-06-24T11:31:10+00:00\",\"dateModified\":\"2024-11-01T10:03:49+00:00\",\"description\":\"Fox Kanepe Tak\u0131m\u0131, zarafet ve i\u015flevselli\u011fin m\u00fckemmel bir birle\u015fimini sunarak, herhangi bir ev dekoruna kat\u0131lmas\u0131 gereken temel bir par\u00e7a haline getirir...\",\"breadcrumb\":{\"@id\":\"https:\/\/stileuropa.com\/tr\/transform-your-space-with-the-fox-sofa-set\/#breadcrumb\"},\"inLanguage\":\"tr\",\"potentialAction\":[{\"@type\":\"ReadAction\",\"target\":[\"https:\/\/stileuropa.com\/tr\/transform-your-space-with-the-fox-sofa-set\/\"]}]},{\"@type\":\"ImageObject\",\"inLanguage\":\"tr\",\"@id\":\"https:\/\/stileuropa.com\/tr\/transform-your-space-with-the-fox-sofa-set\/#primaryimage\",\"url\":\"https:\/\/stileuropa.com\/wp-content\/uploads\/2024\/07\/SEK000044-1.webp\",\"contentUrl\":\"https:\/\/stileuropa.com\/wp-content\/uploads\/2024\/07\/SEK000044-1.webp\",\"width\":1600,\"height\":1067},{\"@type\":\"BreadcrumbList\",\"@id\":\"https:\/\/stileuropa.com\/tr\/transform-your-space-with-the-fox-sofa-set\/#breadcrumb\",\"itemListElement\":[{\"@type\":\"ListItem\",\"position\":1,\"name\":\"Home\",\"item\":\"https:\/\/stileuropa.com\/\"},{\"@type\":\"ListItem\",\"position\":2,\"name\":\"Transform Your Space with the Fox Sofa Set\"}]},{\"@type\":\"WebSite\",\"@id\":\"https:\/\/stileuropa.com\/#website\",\"url\":\"https:\/\/stileuropa.com\/\",\"name\":\"StilEuropa\",\"description\":\"\",\"publisher\":{\"@id\":\"https:\/\/stileuropa.com\/#organization\"},\"potentialAction\":[{\"@type\":\"SearchAction\",\"target\":{\"@type\":\"EntryPoint\",\"urlTemplate\":\"https:\/\/stileuropa.com\/?s={search_term_string}\"},\"query-input\":{\"@type\":\"PropertyValueSpecification\",\"valueRequired\":true,\"valueName\":\"search_term_string\"}}],\"inLanguage\":\"tr\"},{\"@type\":\"Organization\",\"@id\":\"https:\/\/stileuropa.com\/#organization\",\"name\":\"StilEuropa\",\"url\":\"https:\/\/stileuropa.com\/\",\"logo\":{\"@type\":\"ImageObject\",\"inLanguage\":\"tr\",\"@id\":\"https:\/\/stileuropa.com\/#\/schema\/logo\/image\/\",\"url\":\"https:\/\/stileuropa.com\/wp-content\/uploads\/2024\/08\/styleuropa-logo-black.webp\",\"contentUrl\":\"https:\/\/stileuropa.com\/wp-content\/uploads\/2024\/08\/styleuropa-logo-black.webp\",\"width\":501,\"height\":53,\"caption\":\"StilEuropa\"},\"image\":{\"@id\":\"https:\/\/stileuropa.com\/#\/schema\/logo\/image\/\"}},{\"@type\":\"Person\",\"@id\":\"https:\/\/stileuropa.com\/#\/schema\/person\/10861706a2ebceaef41a10daa4514403\",\"name\":\"admin\",\"sameAs\":[\"https:\/\/stileuropa.com\"]}]}<\/script>\n<!-- \/ Yoast SEO plugin. -->","yoast_head_json":{"title":"Transform Your Space with the Fox Sofa Set - StilEuropa","description":"Fox Kanepe Tak\u0131m\u0131, zarafet ve i\u015flevselli\u011fin m\u00fckemmel bir birle\u015fimini sunarak, herhangi bir ev dekoruna kat\u0131lmas\u0131 gereken temel bir par\u00e7a haline getirir...","robots":{"index":"index","follow":"follow","max-snippet":"max-snippet:-1","max-image-preview":"max-image-preview:large","max-video-preview":"max-video-preview:-1"},"canonical":"https:\/\/stileuropa.com\/tr\/transform-your-space-with-the-fox-sofa-set\/","og_locale":"tr_TR","og_type":"article","og_title":"Transform Your Space with the Fox Sofa Set - StilEuropa","og_description":"Fox Kanepe Tak\u0131m\u0131, zarafet ve i\u015flevselli\u011fin m\u00fckemmel bir birle\u015fimini sunarak, herhangi bir ev dekoruna kat\u0131lmas\u0131 gereken temel bir par\u00e7a haline getirir...","og_url":"https:\/\/stileuropa.com\/tr\/transform-your-space-with-the-fox-sofa-set\/","og_site_name":"StilEuropa","article_published_time":"2024-06-24T11:31:10+00:00","article_modified_time":"2024-11-01T10:03:49+00:00","og_image":[{"width":1600,"height":1067,"url":"https:\/\/stileuropa.com\/wp-content\/uploads\/2024\/07\/SEK000044-1.webp","type":"image\/webp"}],"author":"admin","twitter_card":"summary_large_image","twitter_misc":{"Yazan:":"admin","Tahmini okuma s\u00fcresi":"2 dakika"},"schema":{"@context":"https:\/\/schema.org","@graph":[{"@type":"Article","@id":"https:\/\/stileuropa.com\/tr\/transform-your-space-with-the-fox-sofa-set\/#article","isPartOf":{"@id":"https:\/\/stileuropa.com\/tr\/transform-your-space-with-the-fox-sofa-set\/"},"author":{"name":"admin","@id":"https:\/\/stileuropa.com\/#\/schema\/person\/10861706a2ebceaef41a10daa4514403"},"headline":"Transform Your Space with the Fox Sofa Set","datePublished":"2024-06-24T11:31:10+00:00","dateModified":"2024-11-01T10:03:49+00:00","mainEntityOfPage":{"@id":"https:\/\/stileuropa.com\/tr\/transform-your-space-with-the-fox-sofa-set\/"},"wordCount":503,"commentCount":0,"publisher":{"@id":"https:\/\/stileuropa.com\/#organization"},"image":{"@id":"https:\/\/stileuropa.com\/tr\/transform-your-space-with-the-fox-sofa-set\/#primaryimage"},"thumbnailUrl":"https:\/\/stileuropa.com\/wp-content\/uploads\/2024\/07\/SEK000044-1.webp","articleSection":["Uncategorized @tr"],"inLanguage":"tr","potentialAction":[{"@type":"CommentAction","name":"Comment","target":["https:\/\/stileuropa.com\/tr\/transform-your-space-with-the-fox-sofa-set\/#respond"]}]},{"@type":"WebPage","@id":"https:\/\/stileuropa.com\/tr\/transform-your-space-with-the-fox-sofa-set\/","url":"https:\/\/stileuropa.com\/tr\/transform-your-space-with-the-fox-sofa-set\/","name":"Transform Your Space with the Fox Sofa Set - StilEuropa","isPartOf":{"@id":"https:\/\/stileuropa.com\/#website"},"primaryImageOfPage":{"@id":"https:\/\/stileuropa.com\/tr\/transform-your-space-with-the-fox-sofa-set\/#primaryimage"},"image":{"@id":"https:\/\/stileuropa.com\/tr\/transform-your-space-with-the-fox-sofa-set\/#primaryimage"},"thumbnailUrl":"https:\/\/stileuropa.com\/wp-content\/uploads\/2024\/07\/SEK000044-1.webp","datePublished":"2024-06-24T11:31:10+00:00","dateModified":"2024-11-01T10:03:49+00:00","description":"Fox Kanepe Tak\u0131m\u0131, zarafet ve i\u015flevselli\u011fin m\u00fckemmel bir birle\u015fimini sunarak, herhangi bir ev dekoruna kat\u0131lmas\u0131 gereken temel bir par\u00e7a haline getirir...","breadcrumb":{"@id":"https:\/\/stileuropa.com\/tr\/transform-your-space-with-the-fox-sofa-set\/#breadcrumb"},"inLanguage":"tr","potentialAction":[{"@type":"ReadAction","target":["https:\/\/stileuropa.com\/tr\/transform-your-space-with-the-fox-sofa-set\/"]}]},{"@type":"ImageObject","inLanguage":"tr","@id":"https:\/\/stileuropa.com\/tr\/transform-your-space-with-the-fox-sofa-set\/#primaryimage","url":"https:\/\/stileuropa.com\/wp-content\/uploads\/2024\/07\/SEK000044-1.webp","contentUrl":"https:\/\/stileuropa.com\/wp-content\/uploads\/2024\/07\/SEK000044-1.webp","width":1600,"height":1067},{"@type":"BreadcrumbList","@id":"https:\/\/stileuropa.com\/tr\/transform-your-space-with-the-fox-sofa-set\/#breadcrumb","itemListElement":[{"@type":"ListItem","position":1,"name":"Home","item":"https:\/\/stileuropa.com\/"},{"@type":"ListItem","position":2,"name":"Transform Your Space with the Fox Sofa Set"}]},{"@type":"WebSite","@id":"https:\/\/stileuropa.com\/#website","url":"https:\/\/stileuropa.com\/","name":"StilEuropa","description":"","publisher":{"@id":"https:\/\/stileuropa.com\/#organization"},"potentialAction":[{"@type":"SearchAction","target":{"@type":"EntryPoint","urlTemplate":"https:\/\/stileuropa.com\/?s={search_term_string}"},"query-input":{"@type":"PropertyValueSpecification","valueRequired":true,"valueName":"search_term_string"}}],"inLanguage":"tr"},{"@type":"Organization","@id":"https:\/\/stileuropa.com\/#organization","name":"StilEuropa","url":"https:\/\/stileuropa.com\/","logo":{"@type":"ImageObject","inLanguage":"tr","@id":"https:\/\/stileuropa.com\/#\/schema\/logo\/image\/","url":"https:\/\/stileuropa.com\/wp-content\/uploads\/2024\/08\/styleuropa-logo-black.webp","contentUrl":"https:\/\/stileuropa.com\/wp-content\/uploads\/2024\/08\/styleuropa-logo-black.webp","width":501,"height":53,"caption":"StilEuropa"},"image":{"@id":"https:\/\/stileuropa.com\/#\/schema\/logo\/image\/"}},{"@type":"Person","@id":"https:\/\/stileuropa.com\/#\/schema\/person\/10861706a2ebceaef41a10daa4514403","name":"admin","sameAs":["https:\/\/stileuropa.com"]}]}},"_links":{"self":[{"href":"https:\/\/stileuropa.com\/tr\/wp-json\/wp\/v2\/posts\/10509","targetHints":{"allow":["GET"]}}],"collection":[{"href":"https:\/\/stileuropa.com\/tr\/wp-json\/wp\/v2\/posts"}],"about":[{"href":"https:\/\/stileuropa.com\/tr\/wp-json\/wp\/v2\/types\/post"}],"author":[{"embeddable":true,"href":"https:\/\/stileuropa.com\/tr\/wp-json\/wp\/v2\/users\/1"}],"replies":[{"embeddable":true,"href":"https:\/\/stileuropa.com\/tr\/wp-json\/wp\/v2\/comments?post=10509"}],"version-history":[{"count":0,"href":"https:\/\/stileuropa.com\/tr\/wp-json\/wp\/v2\/posts\/10509\/revisions"}],"wp:featuredmedia":[{"embeddable":true,"href":"https:\/\/stileuropa.com\/tr\/wp-json\/wp\/v2\/media\/6932"}],"wp:attachment":[{"href":"https:\/\/stileuropa.com\/tr\/wp-json\/wp\/v2\/media?parent=10509"}],"wp:term":[{"taxonomy":"category","embeddable":true,"href":"https:\/\/stileuropa.com\/tr\/wp-json\/wp\/v2\/categories?post=10509"},{"taxonomy":"post_tag","embeddable":true,"href":"https:\/\/stileuropa.com\/tr\/wp-json\/wp\/v2\/tags?post=10509"}],"curies":[{"name":"wp","href":"https:\/\/api.w.org\/{rel}","templated":true}]}}