{"id":10503,"date":"2024-06-24T14:30:46","date_gmt":"2024-06-24T11:30:46","guid":{"rendered":"https:\/\/stileuropa.com\/entdecken-sie-zeitlose-eleganz-mit-dem-perle-sofa-set\/"},"modified":"2024-11-01T12:24:00","modified_gmt":"2024-11-01T09:24:00","slug":"entdecken-sie-zeitlose-eleganz-mit-dem-perle-sofa-set","status":"publish","type":"post","link":"https:\/\/stileuropa.com\/de\/entdecken-sie-zeitlose-eleganz-mit-dem-perle-sofa-set\/","title":{"rendered":"Entdecken Sie zeitlose Eleganz mit dem Perle Sofa-Set"},"content":{"rendered":"<p>Klassisches Design trifft auf modernen Komfort<\/p><p>Das Perle Sofa-Set vereint zeitlose Eleganz mit modernem Komfort. Dieses beeindruckende St\u00fcck wurde entworfen, um Ihrem Wohnraum eine Note von Raffinesse und W\u00e4rme zu verleihen und ist somit die perfekte Erg\u00e4nzung f\u00fcr jedes Zuhause. <\/p><h3 class=\"wp-block-heading\">Verfeinerte \u00c4sthetik<\/h3><p>Das Perle Sofa-Set besticht durch ein klassisches Design mit eleganten Kurven und exquisiten Details. Die hochwertige Polsterung und die feine Verarbeitung spiegeln ein Engagement f\u00fcr Qualit\u00e4t und Stil wider. Ob in einem traditionellen oder modernen Ambiente \u2013 dieses Sofa-Set bereichert die \u00c4sthetik Ihres Wohnzimmers.  <\/p><h3 class=\"wp-block-heading\">Au\u00dfergew\u00f6hnlicher Komfort<\/h3><p>Erleben Sie unvergleichlichen Komfort mit dem Perle Sofa-Set. Die weichen Kissen und das ergonomische Design bieten hervorragenden Halt und sorgen f\u00fcr ein entspannendes Sitzerlebnis. Die tiefen Sitze und hohen R\u00fcckenlehnen erm\u00f6glichen es Ihnen, sich zur\u00fcckzulehnen und nach einem langen Tag zu entspannen.  <\/p><h3 class=\"wp-block-heading\">Vielseitige Eleganz<\/h3><p>Dieses Sofa-Set ist so gestaltet, dass es vielseitig einsetzbar ist und sich nahtlos in verschiedene Einrichtungsstile einf\u00fcgt. Die neutralen Farben und das zeitlose Design machen es zu einer vielseitigen Wahl, die jedes Dekor erg\u00e4nzt. Es ist ideal, um eine gem\u00fctliche und dennoch anspruchsvolle Atmosph\u00e4re in Ihrem Zuhause zu schaffen.  <\/p><h3 class=\"wp-block-heading\">Langlebigkeit und einfache Pflege<\/h3><p>Das Perle Sofa-Set ist auf Langlebigkeit ausgelegt, mit einem robusten Rahmen und hochwertigen Materialien, die eine lange Lebensdauer gew\u00e4hrleisten. Die Polsterung ist nicht nur luxuri\u00f6s, sondern auch pflegeleicht. Einfache Reinigungsmethoden sorgen daf\u00fcr, dass Ihr Sofa \u00fcber Jahre hinweg sch\u00f6n bleibt.  <\/p><h3 class=\"wp-block-heading\">Eine perfekte Mischung aus Stil und Funktion<\/h3><p>Abschlie\u00dfend bietet das Perle Sofa-Set eine perfekte Mischung aus Stil, Komfort und Langlebigkeit. Seine verfeinerte \u00c4sthetik, au\u00dfergew\u00f6hnlicher Komfort und vielseitige Eleganz machen es zur idealen Wahl f\u00fcr alle, die ihren Wohnraum aufwerten m\u00f6chten. <\/p><hr class=\"wp-block-separator has-alpha-channel-opacity\"\/><h3 class=\"wp-block-heading\">Werten Sie Ihr Zuhause noch heute auf<\/h3><p>Verpassen Sie nicht die Gelegenheit, Ihrem Zuhause mit dem Perle Sofa-Set einen Hauch zeitloser Eleganz zu verleihen. Besuchen Sie unser Gesch\u00e4ft oder <a href=\"\/shop\">shoppen Sie online<\/a>, um die perfekte Kombination aus klassischem Design und modernem Komfort zu erleben. <\/p>","protected":false},"excerpt":{"rendered":"<p>Klassisches Design trifft auf modernen Komfort Das Perle Sofa-Set vereint zeitlose Eleganz mit modernem Komfort. Dieses beeindruckende St\u00fcck wurde entworfen, um Ihrem Wohnraum eine Note von Raffinesse und W\u00e4rme zu verleihen und ist somit die perfekte Erg\u00e4nzung f\u00fcr jedes Zuhause. Verfeinerte \u00c4sthetik Das Perle Sofa-Set besticht durch ein klassisches Design mit eleganten Kurven und exquisiten [&hellip;]<\/p>\n","protected":false},"author":1,"featured_media":6647,"comment_status":"open","ping_status":"open","sticky":false,"template":"","format":"standard","meta":{"footnotes":""},"categories":[126],"tags":[],"class_list":["post-10503","post","type-post","status-publish","format-standard","has-post-thumbnail","hentry","category-unkategorisiert"],"yoast_head":"<!-- This site is optimized with the Yoast SEO plugin v24.9 - https:\/\/yoast.com\/wordpress\/plugins\/seo\/ -->\n<title>Entdecken Sie zeitlose Eleganz mit dem Perle Sofa-Set - StilEuropa<\/title>\n<meta name=\"description\" content=\"Das Perle Sofa-Set vereint zeitlose Eleganz mit modernem Komfort. Dieses beeindruckende St\u00fcck wurde entworfen, um Ihrem Zuhause eine Note von Raffinesse zu verleihen.\" \/>\n<meta name=\"robots\" content=\"index, follow, max-snippet:-1, max-image-preview:large, max-video-preview:-1\" \/>\n<link rel=\"canonical\" href=\"https:\/\/stileuropa.com\/de\/entdecken-sie-zeitlose-eleganz-mit-dem-perle-sofa-set\/\" \/>\n<meta property=\"og:locale\" content=\"de_DE\" \/>\n<meta property=\"og:type\" content=\"article\" \/>\n<meta property=\"og:title\" content=\"Entdecken Sie zeitlose Eleganz mit dem Perle Sofa-Set - StilEuropa\" \/>\n<meta property=\"og:description\" content=\"Das Perle Sofa-Set vereint zeitlose Eleganz mit modernem Komfort. Dieses beeindruckende St\u00fcck wurde entworfen, um Ihrem Zuhause eine Note von Raffinesse zu verleihen.\" \/>\n<meta property=\"og:url\" content=\"https:\/\/stileuropa.com\/de\/entdecken-sie-zeitlose-eleganz-mit-dem-perle-sofa-set\/\" \/>\n<meta property=\"og:site_name\" content=\"StilEuropa\" \/>\n<meta property=\"article:published_time\" content=\"2024-06-24T11:30:46+00:00\" \/>\n<meta property=\"article:modified_time\" content=\"2024-11-01T09:24:00+00:00\" \/>\n<meta property=\"og:image\" content=\"https:\/\/stileuropa.com\/wp-content\/uploads\/2024\/07\/SEK000006-1.webp\" \/>\n\t<meta property=\"og:image:width\" content=\"1600\" \/>\n\t<meta property=\"og:image:height\" content=\"1126\" \/>\n\t<meta property=\"og:image:type\" content=\"image\/webp\" \/>\n<meta name=\"author\" content=\"admin\" \/>\n<meta name=\"twitter:card\" content=\"summary_large_image\" \/>\n<meta name=\"twitter:label1\" content=\"Verfasst von\" \/>\n\t<meta name=\"twitter:data1\" content=\"admin\" \/>\n\t<meta name=\"twitter:label2\" content=\"Gesch\u00e4tzte Lesezeit\" \/>\n\t<meta name=\"twitter:data2\" content=\"2\u00a0Minuten\" \/>\n<script type=\"application\/ld+json\" class=\"yoast-schema-graph\">{\"@context\":\"https:\/\/schema.org\",\"@graph\":[{\"@type\":\"Article\",\"@id\":\"https:\/\/stileuropa.com\/de\/entdecken-sie-zeitlose-eleganz-mit-dem-perle-sofa-set\/#article\",\"isPartOf\":{\"@id\":\"https:\/\/stileuropa.com\/de\/entdecken-sie-zeitlose-eleganz-mit-dem-perle-sofa-set\/\"},\"author\":{\"name\":\"admin\",\"@id\":\"https:\/\/stileuropa.com\/#\/schema\/person\/10861706a2ebceaef41a10daa4514403\"},\"headline\":\"Entdecken Sie zeitlose Eleganz mit dem Perle Sofa-Set\",\"datePublished\":\"2024-06-24T11:30:46+00:00\",\"dateModified\":\"2024-11-01T09:24:00+00:00\",\"mainEntityOfPage\":{\"@id\":\"https:\/\/stileuropa.com\/de\/entdecken-sie-zeitlose-eleganz-mit-dem-perle-sofa-set\/\"},\"wordCount\":342,\"commentCount\":0,\"publisher\":{\"@id\":\"https:\/\/stileuropa.com\/#organization\"},\"image\":{\"@id\":\"https:\/\/stileuropa.com\/de\/entdecken-sie-zeitlose-eleganz-mit-dem-perle-sofa-set\/#primaryimage\"},\"thumbnailUrl\":\"https:\/\/stileuropa.com\/wp-content\/uploads\/2024\/07\/SEK000006-1.webp\",\"articleSection\":[\"Unkategorisiert\"],\"inLanguage\":\"de\",\"potentialAction\":[{\"@type\":\"CommentAction\",\"name\":\"Comment\",\"target\":[\"https:\/\/stileuropa.com\/de\/entdecken-sie-zeitlose-eleganz-mit-dem-perle-sofa-set\/#respond\"]}]},{\"@type\":\"WebPage\",\"@id\":\"https:\/\/stileuropa.com\/de\/entdecken-sie-zeitlose-eleganz-mit-dem-perle-sofa-set\/\",\"url\":\"https:\/\/stileuropa.com\/de\/entdecken-sie-zeitlose-eleganz-mit-dem-perle-sofa-set\/\",\"name\":\"Entdecken Sie zeitlose Eleganz mit dem Perle Sofa-Set - StilEuropa\",\"isPartOf\":{\"@id\":\"https:\/\/stileuropa.com\/#website\"},\"primaryImageOfPage\":{\"@id\":\"https:\/\/stileuropa.com\/de\/entdecken-sie-zeitlose-eleganz-mit-dem-perle-sofa-set\/#primaryimage\"},\"image\":{\"@id\":\"https:\/\/stileuropa.com\/de\/entdecken-sie-zeitlose-eleganz-mit-dem-perle-sofa-set\/#primaryimage\"},\"thumbnailUrl\":\"https:\/\/stileuropa.com\/wp-content\/uploads\/2024\/07\/SEK000006-1.webp\",\"datePublished\":\"2024-06-24T11:30:46+00:00\",\"dateModified\":\"2024-11-01T09:24:00+00:00\",\"description\":\"Das Perle Sofa-Set vereint zeitlose Eleganz mit modernem Komfort. Dieses beeindruckende St\u00fcck wurde entworfen, um Ihrem Zuhause eine Note von Raffinesse zu verleihen.\",\"breadcrumb\":{\"@id\":\"https:\/\/stileuropa.com\/de\/entdecken-sie-zeitlose-eleganz-mit-dem-perle-sofa-set\/#breadcrumb\"},\"inLanguage\":\"de\",\"potentialAction\":[{\"@type\":\"ReadAction\",\"target\":[\"https:\/\/stileuropa.com\/de\/entdecken-sie-zeitlose-eleganz-mit-dem-perle-sofa-set\/\"]}]},{\"@type\":\"ImageObject\",\"inLanguage\":\"de\",\"@id\":\"https:\/\/stileuropa.com\/de\/entdecken-sie-zeitlose-eleganz-mit-dem-perle-sofa-set\/#primaryimage\",\"url\":\"https:\/\/stileuropa.com\/wp-content\/uploads\/2024\/07\/SEK000006-1.webp\",\"contentUrl\":\"https:\/\/stileuropa.com\/wp-content\/uploads\/2024\/07\/SEK000006-1.webp\",\"width\":1600,\"height\":1126},{\"@type\":\"BreadcrumbList\",\"@id\":\"https:\/\/stileuropa.com\/de\/entdecken-sie-zeitlose-eleganz-mit-dem-perle-sofa-set\/#breadcrumb\",\"itemListElement\":[{\"@type\":\"ListItem\",\"position\":1,\"name\":\"Home\",\"item\":\"https:\/\/stileuropa.com\/\"},{\"@type\":\"ListItem\",\"position\":2,\"name\":\"Entdecken Sie zeitlose Eleganz mit dem Perle Sofa-Set\"}]},{\"@type\":\"WebSite\",\"@id\":\"https:\/\/stileuropa.com\/#website\",\"url\":\"https:\/\/stileuropa.com\/\",\"name\":\"StilEuropa\",\"description\":\"\",\"publisher\":{\"@id\":\"https:\/\/stileuropa.com\/#organization\"},\"potentialAction\":[{\"@type\":\"SearchAction\",\"target\":{\"@type\":\"EntryPoint\",\"urlTemplate\":\"https:\/\/stileuropa.com\/?s={search_term_string}\"},\"query-input\":{\"@type\":\"PropertyValueSpecification\",\"valueRequired\":true,\"valueName\":\"search_term_string\"}}],\"inLanguage\":\"de\"},{\"@type\":\"Organization\",\"@id\":\"https:\/\/stileuropa.com\/#organization\",\"name\":\"StilEuropa\",\"url\":\"https:\/\/stileuropa.com\/\",\"logo\":{\"@type\":\"ImageObject\",\"inLanguage\":\"de\",\"@id\":\"https:\/\/stileuropa.com\/#\/schema\/logo\/image\/\",\"url\":\"https:\/\/stileuropa.com\/wp-content\/uploads\/2024\/08\/styleuropa-logo-black.webp\",\"contentUrl\":\"https:\/\/stileuropa.com\/wp-content\/uploads\/2024\/08\/styleuropa-logo-black.webp\",\"width\":501,\"height\":53,\"caption\":\"StilEuropa\"},\"image\":{\"@id\":\"https:\/\/stileuropa.com\/#\/schema\/logo\/image\/\"}},{\"@type\":\"Person\",\"@id\":\"https:\/\/stileuropa.com\/#\/schema\/person\/10861706a2ebceaef41a10daa4514403\",\"name\":\"admin\",\"sameAs\":[\"https:\/\/stileuropa.com\"]}]}<\/script>\n<!-- \/ Yoast SEO plugin. -->","yoast_head_json":{"title":"Entdecken Sie zeitlose Eleganz mit dem Perle Sofa-Set - StilEuropa","description":"Das Perle Sofa-Set vereint zeitlose Eleganz mit modernem Komfort. Dieses beeindruckende St\u00fcck wurde entworfen, um Ihrem Zuhause eine Note von Raffinesse zu verleihen.","robots":{"index":"index","follow":"follow","max-snippet":"max-snippet:-1","max-image-preview":"max-image-preview:large","max-video-preview":"max-video-preview:-1"},"canonical":"https:\/\/stileuropa.com\/de\/entdecken-sie-zeitlose-eleganz-mit-dem-perle-sofa-set\/","og_locale":"de_DE","og_type":"article","og_title":"Entdecken Sie zeitlose Eleganz mit dem Perle Sofa-Set - StilEuropa","og_description":"Das Perle Sofa-Set vereint zeitlose Eleganz mit modernem Komfort. Dieses beeindruckende St\u00fcck wurde entworfen, um Ihrem Zuhause eine Note von Raffinesse zu verleihen.","og_url":"https:\/\/stileuropa.com\/de\/entdecken-sie-zeitlose-eleganz-mit-dem-perle-sofa-set\/","og_site_name":"StilEuropa","article_published_time":"2024-06-24T11:30:46+00:00","article_modified_time":"2024-11-01T09:24:00+00:00","og_image":[{"width":1600,"height":1126,"url":"https:\/\/stileuropa.com\/wp-content\/uploads\/2024\/07\/SEK000006-1.webp","type":"image\/webp"}],"author":"admin","twitter_card":"summary_large_image","twitter_misc":{"Verfasst von":"admin","Gesch\u00e4tzte Lesezeit":"2\u00a0Minuten"},"schema":{"@context":"https:\/\/schema.org","@graph":[{"@type":"Article","@id":"https:\/\/stileuropa.com\/de\/entdecken-sie-zeitlose-eleganz-mit-dem-perle-sofa-set\/#article","isPartOf":{"@id":"https:\/\/stileuropa.com\/de\/entdecken-sie-zeitlose-eleganz-mit-dem-perle-sofa-set\/"},"author":{"name":"admin","@id":"https:\/\/stileuropa.com\/#\/schema\/person\/10861706a2ebceaef41a10daa4514403"},"headline":"Entdecken Sie zeitlose Eleganz mit dem Perle Sofa-Set","datePublished":"2024-06-24T11:30:46+00:00","dateModified":"2024-11-01T09:24:00+00:00","mainEntityOfPage":{"@id":"https:\/\/stileuropa.com\/de\/entdecken-sie-zeitlose-eleganz-mit-dem-perle-sofa-set\/"},"wordCount":342,"commentCount":0,"publisher":{"@id":"https:\/\/stileuropa.com\/#organization"},"image":{"@id":"https:\/\/stileuropa.com\/de\/entdecken-sie-zeitlose-eleganz-mit-dem-perle-sofa-set\/#primaryimage"},"thumbnailUrl":"https:\/\/stileuropa.com\/wp-content\/uploads\/2024\/07\/SEK000006-1.webp","articleSection":["Unkategorisiert"],"inLanguage":"de","potentialAction":[{"@type":"CommentAction","name":"Comment","target":["https:\/\/stileuropa.com\/de\/entdecken-sie-zeitlose-eleganz-mit-dem-perle-sofa-set\/#respond"]}]},{"@type":"WebPage","@id":"https:\/\/stileuropa.com\/de\/entdecken-sie-zeitlose-eleganz-mit-dem-perle-sofa-set\/","url":"https:\/\/stileuropa.com\/de\/entdecken-sie-zeitlose-eleganz-mit-dem-perle-sofa-set\/","name":"Entdecken Sie zeitlose Eleganz mit dem Perle Sofa-Set - StilEuropa","isPartOf":{"@id":"https:\/\/stileuropa.com\/#website"},"primaryImageOfPage":{"@id":"https:\/\/stileuropa.com\/de\/entdecken-sie-zeitlose-eleganz-mit-dem-perle-sofa-set\/#primaryimage"},"image":{"@id":"https:\/\/stileuropa.com\/de\/entdecken-sie-zeitlose-eleganz-mit-dem-perle-sofa-set\/#primaryimage"},"thumbnailUrl":"https:\/\/stileuropa.com\/wp-content\/uploads\/2024\/07\/SEK000006-1.webp","datePublished":"2024-06-24T11:30:46+00:00","dateModified":"2024-11-01T09:24:00+00:00","description":"Das Perle Sofa-Set vereint zeitlose Eleganz mit modernem Komfort. Dieses beeindruckende St\u00fcck wurde entworfen, um Ihrem Zuhause eine Note von Raffinesse zu verleihen.","breadcrumb":{"@id":"https:\/\/stileuropa.com\/de\/entdecken-sie-zeitlose-eleganz-mit-dem-perle-sofa-set\/#breadcrumb"},"inLanguage":"de","potentialAction":[{"@type":"ReadAction","target":["https:\/\/stileuropa.com\/de\/entdecken-sie-zeitlose-eleganz-mit-dem-perle-sofa-set\/"]}]},{"@type":"ImageObject","inLanguage":"de","@id":"https:\/\/stileuropa.com\/de\/entdecken-sie-zeitlose-eleganz-mit-dem-perle-sofa-set\/#primaryimage","url":"https:\/\/stileuropa.com\/wp-content\/uploads\/2024\/07\/SEK000006-1.webp","contentUrl":"https:\/\/stileuropa.com\/wp-content\/uploads\/2024\/07\/SEK000006-1.webp","width":1600,"height":1126},{"@type":"BreadcrumbList","@id":"https:\/\/stileuropa.com\/de\/entdecken-sie-zeitlose-eleganz-mit-dem-perle-sofa-set\/#breadcrumb","itemListElement":[{"@type":"ListItem","position":1,"name":"Home","item":"https:\/\/stileuropa.com\/"},{"@type":"ListItem","position":2,"name":"Entdecken Sie zeitlose Eleganz mit dem Perle Sofa-Set"}]},{"@type":"WebSite","@id":"https:\/\/stileuropa.com\/#website","url":"https:\/\/stileuropa.com\/","name":"StilEuropa","description":"","publisher":{"@id":"https:\/\/stileuropa.com\/#organization"},"potentialAction":[{"@type":"SearchAction","target":{"@type":"EntryPoint","urlTemplate":"https:\/\/stileuropa.com\/?s={search_term_string}"},"query-input":{"@type":"PropertyValueSpecification","valueRequired":true,"valueName":"search_term_string"}}],"inLanguage":"de"},{"@type":"Organization","@id":"https:\/\/stileuropa.com\/#organization","name":"StilEuropa","url":"https:\/\/stileuropa.com\/","logo":{"@type":"ImageObject","inLanguage":"de","@id":"https:\/\/stileuropa.com\/#\/schema\/logo\/image\/","url":"https:\/\/stileuropa.com\/wp-content\/uploads\/2024\/08\/styleuropa-logo-black.webp","contentUrl":"https:\/\/stileuropa.com\/wp-content\/uploads\/2024\/08\/styleuropa-logo-black.webp","width":501,"height":53,"caption":"StilEuropa"},"image":{"@id":"https:\/\/stileuropa.com\/#\/schema\/logo\/image\/"}},{"@type":"Person","@id":"https:\/\/stileuropa.com\/#\/schema\/person\/10861706a2ebceaef41a10daa4514403","name":"admin","sameAs":["https:\/\/stileuropa.com"]}]}},"_links":{"self":[{"href":"https:\/\/stileuropa.com\/de\/wp-json\/wp\/v2\/posts\/10503","targetHints":{"allow":["GET"]}}],"collection":[{"href":"https:\/\/stileuropa.com\/de\/wp-json\/wp\/v2\/posts"}],"about":[{"href":"https:\/\/stileuropa.com\/de\/wp-json\/wp\/v2\/types\/post"}],"author":[{"embeddable":true,"href":"https:\/\/stileuropa.com\/de\/wp-json\/wp\/v2\/users\/1"}],"replies":[{"embeddable":true,"href":"https:\/\/stileuropa.com\/de\/wp-json\/wp\/v2\/comments?post=10503"}],"version-history":[{"count":0,"href":"https:\/\/stileuropa.com\/de\/wp-json\/wp\/v2\/posts\/10503\/revisions"}],"wp:featuredmedia":[{"embeddable":true,"href":"https:\/\/stileuropa.com\/de\/wp-json\/wp\/v2\/media\/6647"}],"wp:attachment":[{"href":"https:\/\/stileuropa.com\/de\/wp-json\/wp\/v2\/media?parent=10503"}],"wp:term":[{"taxonomy":"category","embeddable":true,"href":"https:\/\/stileuropa.com\/de\/wp-json\/wp\/v2\/categories?post=10503"},{"taxonomy":"post_tag","embeddable":true,"href":"https:\/\/stileuropa.com\/de\/wp-json\/wp\/v2\/tags?post=10503"}],"curies":[{"name":"wp","href":"https:\/\/api.w.org\/{rel}","templated":true}]}}